{"id":5303,"date":"2023-02-12T15:07:05","date_gmt":"2023-02-12T15:07:05","guid":{"rendered":"https:\/\/www.olayer.com\/?p=5303"},"modified":"2023-02-16T17:07:05","modified_gmt":"2023-02-16T17:07:05","slug":"duzlestirmeden-sonra-sacinizin-yanik-kokmamasini-nasil-saglarsiniz","status":"publish","type":"post","link":"https:\/\/www.olayer.com\/tr\/duzlestirmeden-sonra-sacinizin-yanik-kokmamasini-nasil-saglarsiniz\/","title":{"rendered":"D\u00fczle\u015ftirmeden Sonra Sa\u00e7\u0131n\u0131z\u0131n Yan\u0131k Kokmamas\u0131 Nas\u0131l Sa\u011flan\u0131r?"},"content":{"rendered":"<div id=\"ez-toc-container\" class=\"ez-toc-v2_0_82_2 counter-hierarchy ez-toc-counter ez-toc-grey ez-toc-container-direction\">\n<div class=\"ez-toc-title-container\">\n<p class=\"ez-toc-title\" style=\"cursor:inherit\">\u0130\u00e7indekiler<\/p>\n<span class=\"ez-toc-title-toggle\"><a href=\"#\" class=\"ez-toc-pull-right ez-toc-btn ez-toc-btn-xs ez-toc-btn-default ez-toc-toggle\" aria-label=\"\u0130\u00e7indekiler Tablosunu A\u00e7\/Kapat\"><span class=\"ez-toc-js-icon-con\"><span class=\"\"><span class=\"eztoc-hide\" style=\"display:none;\">Ge\u00e7i\u015f<\/span><span class=\"ez-toc-icon-toggle-span\"><svg style=\"fill: #999;color:#999\" xmlns=\"http:\/\/www.w3.org\/2000\/svg\" class=\"list-377408\" width=\"20px\" height=\"20px\" viewbox=\"0 0 24 24\" fill=\"none\"><path d=\"M6 6H4v2h2V6zm14 0H8v2h12V6zM4 11h2v2H4v-2zm16 0H8v2h12v-2zM4 16h2v2H4v-2zm16 0H8v2h12v-2z\" fill=\"currentColor\"><\/path><\/svg><svg style=\"fill: #999;color:#999\" class=\"arrow-unsorted-368013\" xmlns=\"http:\/\/www.w3.org\/2000\/svg\" width=\"10px\" height=\"10px\" viewbox=\"0 0 24 24\" version=\"1.2\" baseprofile=\"tiny\"><path d=\"M18.2 9.3l-6.2-6.3-6.2 6.3c-.2.2-.3.4-.3.7s.1.5.3.7c.2.2.4.3.7.3h11c.3 0 .5-.1.7-.3.2-.2.3-.5.3-.7s-.1-.5-.3-.7zM5.8 14.7l6.2 6.3 6.2-6.3c.2-.2.3-.5.3-.7s-.1-.5-.3-.7c-.2-.2-.4-.3-.7-.3h-11c-.3 0-.5.1-.7.3-.2.2-.3.5-.3.7s.1.5.3.7z\"\/><\/svg><\/span><\/span><\/span><\/a><\/span><\/div>\n<nav><ul class='ez-toc-list ez-toc-list-level-1' ><li class='ez-toc-page-1 ez-toc-heading-level-2'><a class=\"ez-toc-link ez-toc-heading-1\" href=\"https:\/\/www.olayer.com\/tr\/duzlestirmeden-sonra-sacinizin-yanik-kokmamasini-nasil-saglarsiniz\/#How_to_Make_Your_Hair_Not_Smell_Burnt_After_Straightening\" >D\u00fczle\u015ftirmeden Sonra Sa\u00e7\u0131n\u0131z\u0131n Yan\u0131k Kokmamas\u0131 Nas\u0131l Sa\u011flan\u0131r?<\/a><ul class='ez-toc-list-level-3' ><li class='ez-toc-heading-level-3'><a class=\"ez-toc-link ez-toc-heading-2\" href=\"https:\/\/www.olayer.com\/tr\/duzlestirmeden-sonra-sacinizin-yanik-kokmamasini-nasil-saglarsiniz\/#What_Causes_Burnt_Hair_Smell\" >Yan\u0131k Sa\u00e7 Kokusuna Ne Sebep Olur?<\/a><\/li><li class='ez-toc-page-1 ez-toc-heading-level-3'><a class=\"ez-toc-link ez-toc-heading-3\" href=\"https:\/\/www.olayer.com\/tr\/duzlestirmeden-sonra-sacinizin-yanik-kokmamasini-nasil-saglarsiniz\/#How_to_Make_Your_Hair_Not_Smell_Burnt_After_Straightening_with_a_Cold_Air_Hair_Straightener_Iron\" >So\u011fuk Hava Sa\u00e7 D\u00fczle\u015ftirici \u00dct\u00fc ile D\u00fczle\u015ftirdikten Sonra Sa\u00e7\u0131n\u0131z\u0131n Yan\u0131k Kokmamas\u0131n\u0131 Nas\u0131l Sa\u011flars\u0131n\u0131z?<\/a><ul class='ez-toc-list-level-4' ><li class='ez-toc-heading-level-4'><a class=\"ez-toc-link ez-toc-heading-4\" href=\"https:\/\/www.olayer.com\/tr\/duzlestirmeden-sonra-sacinizin-yanik-kokmamasini-nasil-saglarsiniz\/#Use_a_Cold_Air_Hair_Straightener_Iron\" >So\u011fuk Haval\u0131 Sa\u00e7 D\u00fczle\u015ftirici \u00dct\u00fc Kullan\u0131n<\/a><\/li><li class='ez-toc-page-1 ez-toc-heading-level-4'><a class=\"ez-toc-link ez-toc-heading-5\" href=\"https:\/\/www.olayer.com\/tr\/duzlestirmeden-sonra-sacinizin-yanik-kokmamasini-nasil-saglarsiniz\/#Clean_Your_Hair_Before_Straightening\" >D\u00fczle\u015ftirmeden \u00d6nce Sa\u00e7\u0131n\u0131z\u0131 Temizleyin<\/a><\/li><li class='ez-toc-page-1 ez-toc-heading-level-4'><a class=\"ez-toc-link ez-toc-heading-6\" href=\"https:\/\/www.olayer.com\/tr\/duzlestirmeden-sonra-sacinizin-yanik-kokmamasini-nasil-saglarsiniz\/#Use_a_Heat_Protectant\" >Is\u0131 Koruyucu Kullan\u0131n<\/a><\/li><li class='ez-toc-page-1 ez-toc-heading-level-4'><a class=\"ez-toc-link ez-toc-heading-7\" href=\"https:\/\/www.olayer.com\/tr\/duzlestirmeden-sonra-sacinizin-yanik-kokmamasini-nasil-saglarsiniz\/#Straighten_Your_Hair_in_Small_Sections\" >Sa\u00e7\u0131n\u0131z\u0131 K\u00fc\u00e7\u00fck B\u00f6l\u00fcmler Halinde D\u00fczle\u015ftirin<\/a><\/li><li class='ez-toc-page-1 ez-toc-heading-level-4'><a class=\"ez-toc-link ez-toc-heading-8\" href=\"https:\/\/www.olayer.com\/tr\/duzlestirmeden-sonra-sacinizin-yanik-kokmamasini-nasil-saglarsiniz\/#Use_the_Right_Temperature_Setting\" >Do\u011fru S\u0131cakl\u0131k Ayar\u0131n\u0131 Kullan\u0131n<\/a><\/li><li class='ez-toc-page-1 ez-toc-heading-level-4'><a class=\"ez-toc-link ez-toc-heading-9\" href=\"https:\/\/www.olayer.com\/tr\/duzlestirmeden-sonra-sacinizin-yanik-kokmamasini-nasil-saglarsiniz\/#Avoid_Over-Straightening_Your_Hair\" >Sa\u00e7\u0131n\u0131z\u0131 A\u015f\u0131r\u0131 D\u00fczle\u015ftirmekten Ka\u00e7\u0131n\u0131n<\/a><\/li><li class='ez-toc-page-1 ez-toc-heading-level-4'><a class=\"ez-toc-link ez-toc-heading-10\" href=\"https:\/\/www.olayer.com\/tr\/duzlestirmeden-sonra-sacinizin-yanik-kokmamasini-nasil-saglarsiniz\/#Keep_Your_Hair_Straightener_Clean\" >Sa\u00e7 D\u00fczle\u015ftiricinizi Temiz Tutun<\/a><\/li><li class='ez-toc-page-1 ez-toc-heading-level-4'><a class=\"ez-toc-link ez-toc-heading-11\" href=\"https:\/\/www.olayer.com\/tr\/duzlestirmeden-sonra-sacinizin-yanik-kokmamasini-nasil-saglarsiniz\/#Make_Sure_your_hair_is_completely_dry\" >Sa\u00e7\u0131n\u0131z\u0131n tamamen kuru oldu\u011fundan emin olun<\/a><\/li><li class='ez-toc-page-1 ez-toc-heading-level-4'><a class=\"ez-toc-link ez-toc-heading-12\" href=\"https:\/\/www.olayer.com\/tr\/duzlestirmeden-sonra-sacinizin-yanik-kokmamasini-nasil-saglarsiniz\/#Use_a_Sulfate-Free_Shampoo_and_Conditioner\" >S\u00fclfat \u0130\u00e7ermeyen \u015eampuan ve Sa\u00e7 Kremi Kullan\u0131n<\/a><\/li><li class='ez-toc-page-1 ez-toc-heading-level-4'><a class=\"ez-toc-link ez-toc-heading-13\" href=\"https:\/\/www.olayer.com\/tr\/duzlestirmeden-sonra-sacinizin-yanik-kokmamasini-nasil-saglarsiniz\/#Allow_Your_Hair_to_Cool_Down\" >Sa\u00e7\u0131n\u0131z\u0131n So\u011fumas\u0131na \u0130zin Verin<\/a><\/li><li class='ez-toc-page-1 ez-toc-heading-level-4'><a class=\"ez-toc-link ez-toc-heading-14\" href=\"https:\/\/www.olayer.com\/tr\/duzlestirmeden-sonra-sacinizin-yanik-kokmamasini-nasil-saglarsiniz\/#Use_a_Deep_Conditioning_Treatment\" >Derinlemesine Bak\u0131m Uygulay\u0131n<\/a><\/li><li class='ez-toc-page-1 ez-toc-heading-level-4'><a class=\"ez-toc-link ez-toc-heading-15\" href=\"https:\/\/www.olayer.com\/tr\/duzlestirmeden-sonra-sacinizin-yanik-kokmamasini-nasil-saglarsiniz\/#Avoid_Over-Blowing_Your_Hair\" >Sa\u00e7\u0131n\u0131z\u0131 A\u015f\u0131r\u0131 Kabartmaktan Ka\u00e7\u0131n\u0131n<\/a><\/li><li class='ez-toc-page-1 ez-toc-heading-level-4'><a class=\"ez-toc-link ez-toc-heading-16\" href=\"https:\/\/www.olayer.com\/tr\/duzlestirmeden-sonra-sacinizin-yanik-kokmamasini-nasil-saglarsiniz\/#Avoid_Using_Chemicals_on_Your_Hair\" >Sa\u00e7\u0131n\u0131zda Kimyasal Kullanmaktan Ka\u00e7\u0131n\u0131n<\/a><ul class='ez-toc-list-level-5' ><li class='ez-toc-heading-level-5'><a class=\"ez-toc-link ez-toc-heading-17\" href=\"https:\/\/www.olayer.com\/tr\/duzlestirmeden-sonra-sacinizin-yanik-kokmamasini-nasil-saglarsiniz\/#In_conclusion\" >Sonu\u00e7 olarak<\/a><\/li><\/ul><\/li><\/ul><\/li><\/ul><\/li><\/ul><\/nav><\/div>\n<h2><span class=\"ez-toc-section\" id=\"How_to_Make_Your_Hair_Not_Smell_Burnt_After_Straightening\"><\/span>D\u00fczle\u015ftirmeden Sonra Sa\u00e7\u0131n\u0131z\u0131n Yan\u0131k Kokmamas\u0131 Nas\u0131l Sa\u011flan\u0131r?<span class=\"ez-toc-section-end\"><\/span><\/h2>\n<p>Sa\u00e7\u0131n\u0131z\u0131 d\u00fczle\u015ftirmek zaman al\u0131c\u0131 bir i\u015f olabilir, ancak sonu\u00e7 her zaman buna de\u011fer. Bununla birlikte, bir\u00e7ok insan\u0131n sa\u00e7lar\u0131n\u0131 d\u00fczle\u015ftirirken kar\u015f\u0131la\u015ft\u0131\u011f\u0131 bir sorun yan\u0131k sa\u00e7 kokusudur. Bu, sa\u00e7\u0131n\u0131z\u0131 d\u00fczle\u015ftirmeyi bitirdikten uzun s\u00fcre sonra sa\u00e7\u0131n\u0131zda kalan ho\u015f olmayan bir koku olabilir. Bu makalede, so\u011fuk hava sa\u00e7 \u015fekillendirme aleti \u00fct\u00fcs\u00fc ile d\u00fczle\u015ftirdikten sonra sa\u00e7\u0131n\u0131z\u0131n yan\u0131k kokmamas\u0131n\u0131 nas\u0131l sa\u011flayaca\u011f\u0131n\u0131z\u0131 tart\u0131\u015faca\u011f\u0131z.<\/p>\n<div id=\"attachment_5311\" style=\"width: 315px\" class=\"wp-caption alignleft\"><img decoding=\"async\" aria-describedby=\"caption-attachment-5311\" class=\"lazyload  wp-image-5311\" src=\"https:\/\/www.olayer.com\/wp-content\/uploads\/2023\/02\/How-to-Make-Your-Hair-Not-Smell-Burnt-After-Straightening.jpg\" data-orig-src=\"https:\/\/www.olayer.com\/wp-content\/uploads\/2023\/02\/How-to-Make-Your-Hair-Not-Smell-Burnt-After-Straightening.jpg\" alt=\"D\u00fczle\u015ftirmeden Sonra Sa\u00e7\u0131n\u0131z\u0131n Yan\u0131k Kokmamas\u0131 Nas\u0131l Sa\u011flan\u0131r?\" width=\"305\" height=\"375\" title=\"\" srcset=\"data:image\/svg+xml,%3Csvg%20xmlns%3D%27http%3A%2F%2Fwww.w3.org%2F2000%2Fsvg%27%20width%3D%27305%27%20height%3D%27375%27%20viewBox%3D%270%200%20305%20375%27%3E%3Crect%20width%3D%27305%27%20height%3D%27375%27%20fill-opacity%3D%220%22%2F%3E%3C%2Fsvg%3E\" data-srcset=\"https:\/\/www.olayer.com\/wp-content\/uploads\/2023\/02\/How-to-Make-Your-Hair-Not-Smell-Burnt-After-Straightening-200x246.jpg 200w, https:\/\/www.olayer.com\/wp-content\/uploads\/2023\/02\/How-to-Make-Your-Hair-Not-Smell-Burnt-After-Straightening-244x300.jpg 244w, https:\/\/www.olayer.com\/wp-content\/uploads\/2023\/02\/How-to-Make-Your-Hair-Not-Smell-Burnt-After-Straightening-400x492.jpg 400w, https:\/\/www.olayer.com\/wp-content\/uploads\/2023\/02\/How-to-Make-Your-Hair-Not-Smell-Burnt-After-Straightening.jpg 526w\" data-sizes=\"auto\" data-orig-sizes=\"(max-width: 305px) 100vw, 305px\" \/><p id=\"caption-attachment-5311\" class=\"wp-caption-text\">D\u00fczle\u015ftirmeden Sonra Sa\u00e7\u0131n\u0131z\u0131n Yan\u0131k Kokmamas\u0131 Nas\u0131l Sa\u011flan\u0131r?<\/p><\/div>\n<h3><span class=\"ez-toc-section\" id=\"What_Causes_Burnt_Hair_Smell\"><\/span>Yan\u0131k Sa\u00e7 Kokusuna Ne Sebep Olur?<span class=\"ez-toc-section-end\"><\/span><\/h3>\n<p>Yan\u0131k sa\u00e7 kokusunu nas\u0131l \u00f6nleyece\u011fimize ge\u00e7meden \u00f6nce, buna neyin sebep oldu\u011funu anlayal\u0131m. Yan\u0131k sa\u00e7 kokusu, sa\u00e7 d\u00fczle\u015ftirici d\u00fczle\u015ftiricideki \u0131s\u0131tma elemanlar\u0131n\u0131n \u00e7ok y\u00fcksek bir s\u0131cakl\u0131\u011fa ula\u015fmas\u0131ndan kaynaklan\u0131r. Bu durum sa\u00e7\u0131n hasar g\u00f6rmesine ve yan\u0131k kokusu olu\u015fmas\u0131na neden olabilir.<\/p>\n<p>Ayr\u0131ca, kirli sa\u00e7larda sa\u00e7 d\u00fczle\u015ftirici kullanmak da yan\u0131k sa\u00e7 kokusuna katk\u0131da bulunabilir. Sa\u00e7 telindeki kir ve ya\u011f birikimi sa\u00e7\u0131n daha h\u0131zl\u0131 \u0131s\u0131nmas\u0131na neden olarak sa\u00e7\u0131n zarar g\u00f6rmesine ve yan\u0131k kokusuna yol a\u00e7abilir.<\/p>\n<h3><span class=\"ez-toc-section\" id=\"How_to_Make_Your_Hair_Not_Smell_Burnt_After_Straightening_with_a_Cold_Air_Hair_Straightener_Iron\"><\/span>So\u011fuk Hava Sa\u00e7 D\u00fczle\u015ftirici \u00dct\u00fc ile D\u00fczle\u015ftirdikten Sonra Sa\u00e7\u0131n\u0131z\u0131n Yan\u0131k Kokmamas\u0131n\u0131 Nas\u0131l Sa\u011flars\u0131n\u0131z?<span class=\"ez-toc-section-end\"><\/span><\/h3>\n<p>A\u015fa\u011f\u0131daki ad\u0131mlarda sa\u00e7\u0131n\u0131z\u0131 d\u00fczle\u015ftirdikten sonra yan\u0131k kokmamas\u0131n\u0131 sa\u011flamak i\u00e7in baz\u0131 ipu\u00e7lar\u0131 verece\u011fiz, bu ad\u0131mlar\u0131 izleyerek sa\u00e7\u0131n\u0131z\u0131n k\u00f6t\u00fc kokmayaca\u011f\u0131ndan eminim.<\/p>\n<h4><span class=\"ez-toc-section\" id=\"Use_a_Cold_Air_Hair_Straightener_Iron\"><\/span>So\u011fuk Haval\u0131 Sa\u00e7 D\u00fczle\u015ftirici \u00dct\u00fc Kullan\u0131n<span class=\"ez-toc-section-end\"><\/span><\/h4>\n<p>So\u011fuk hava sa\u00e7 d\u00fczle\u015ftirici demir, d\u00fczle\u015ftirdikten sonra do\u011frudan \u0131s\u0131 sa\u00e7\u0131n\u0131za \u00fcfleyen so\u011fuk hava kullanan bir sa\u00e7 d\u00fczle\u015ftirici t\u00fcr\u00fcd\u00fcr. Sa\u00e7\u0131 d\u00fczle\u015ftirmek i\u00e7in \u0131s\u0131 kullanan geleneksel sa\u00e7 d\u00fczle\u015ftiricilerin aksine.<\/p>\n<div id=\"attachment_5238\" style=\"width: 468px\" class=\"wp-caption alignright\"><img decoding=\"async\" aria-describedby=\"caption-attachment-5238\" class=\"lazyload  wp-image-5238\" src=\"https:\/\/www.olayer.com\/wp-content\/uploads\/2021\/12\/cold-air-flat-iron.png\" data-orig-src=\"https:\/\/www.olayer.com\/wp-content\/uploads\/2021\/12\/cold-air-flat-iron.png\" alt=\"so\u011fuk hava \u00fct\u00fcs\u00fc\" width=\"458\" height=\"339\" title=\"\" srcset=\"data:image\/svg+xml,%3Csvg%20xmlns%3D%27http%3A%2F%2Fwww.w3.org%2F2000%2Fsvg%27%20width%3D%27458%27%20height%3D%27339%27%20viewBox%3D%270%200%20458%20339%27%3E%3Crect%20width%3D%27458%27%20height%3D%27339%27%20fill-opacity%3D%220%22%2F%3E%3C%2Fsvg%3E\" data-srcset=\"https:\/\/www.olayer.com\/wp-content\/uploads\/2021\/12\/cold-air-flat-iron-200x148.png 200w, https:\/\/www.olayer.com\/wp-content\/uploads\/2021\/12\/cold-air-flat-iron-300x222.png 300w, https:\/\/www.olayer.com\/wp-content\/uploads\/2021\/12\/cold-air-flat-iron-400x296.png 400w, https:\/\/www.olayer.com\/wp-content\/uploads\/2021\/12\/cold-air-flat-iron-600x444.png 600w, https:\/\/www.olayer.com\/wp-content\/uploads\/2021\/12\/cold-air-flat-iron-768x568.png 768w, https:\/\/www.olayer.com\/wp-content\/uploads\/2021\/12\/cold-air-flat-iron-800x592.png 800w, https:\/\/www.olayer.com\/wp-content\/uploads\/2021\/12\/cold-air-flat-iron-1030x762.png 1030w, https:\/\/www.olayer.com\/wp-content\/uploads\/2021\/12\/cold-air-flat-iron-1200x888.png 1200w, https:\/\/www.olayer.com\/wp-content\/uploads\/2021\/12\/cold-air-flat-iron.png 1268w\" data-sizes=\"auto\" data-orig-sizes=\"(max-width: 458px) 100vw, 458px\" \/><p id=\"caption-attachment-5238\" class=\"wp-caption-text\">so\u011fuk hava \u00fct\u00fcs\u00fc<\/p><\/div>\n<p><a href=\"https:\/\/www.olayer.com\/tr\/urunler\/soguk-hava-sac-duzlestirici\/\">So\u011fuk hava sa\u00e7 d\u00fczle\u015ftirici<\/a> Sa\u00e7\u0131n\u0131z\u0131 \u015fekillendirmek i\u00e7in so\u011fuk hava ile sa\u00e7\u0131n\u0131z\u0131n her bir b\u00f6l\u00fcm\u00fc seramik plakalardan ge\u00e7ti\u011finde so\u011fuk r\u00fczgar, sa\u00e7\u0131n\u0131z\u0131 \u0131s\u0131 hasar\u0131ndan korumak i\u00e7in \u0131s\u0131 sa\u00e7\u0131n\u0131z\u0131 so\u011futacakt\u0131r. Bu, daha az \u0131s\u0131ya maruz kal\u0131nd\u0131\u011f\u0131 anlam\u0131na gelir, sa\u00e7 hasar\u0131 ve yan\u0131k sa\u00e7 kokusu riskini azalt\u0131r. sa\u00e7\u0131n\u0131z\u0131 so\u011fuk hava sa\u00e7 d\u00fczle\u015ftirici demir ile d\u00fczle\u015ftirirken yan\u0131k sa\u00e7 kokusunu \u00f6nlemek, ilk ad\u0131mdan itibaren do\u011fru \u00f6nlemleri alma meselesidir.<\/p>\n<p>Is\u0131 hasar\u0131 riskini azaltabilir ve her d\u00fczle\u015ftirme seans\u0131ndan sonra sa\u00e7\u0131n\u0131z\u0131n taze ve temiz kokmas\u0131n\u0131 sa\u011flayabilirsiniz. \u0130ster ince ister kal\u0131n telli sa\u00e7lara sahip olun, so\u011fuk hava sa\u00e7 d\u00fczle\u015ftirici demir kullanarak ve a\u015fa\u011f\u0131daki ad\u0131mlar\u0131 izleyerek sa\u00e7\u0131n\u0131z\u0131 en iyi \u015fekilde \u015fekillendirebilirsiniz, daha fazla \u00f6zellik \u00f6\u011frenmek i\u00e7in so\u011fuk hava sa\u00e7 d\u00fczle\u015ftirici \u00fcr\u00fcn sayfam\u0131za gidin.<\/p>\n<h4><span class=\"ez-toc-section\" id=\"Clean_Your_Hair_Before_Straightening\"><\/span>D\u00fczle\u015ftirmeden \u00d6nce Sa\u00e7\u0131n\u0131z\u0131 Temizleyin<span class=\"ez-toc-section-end\"><\/span><\/h4>\n<p>Sa\u00e7\u0131n\u0131z\u0131 d\u00fczle\u015ftirmeden \u00f6nce temizlemeniz \u00f6nemlidir. Sa\u00e7 telinde kir ve ya\u011f birikmesi sa\u00e7\u0131n daha h\u0131zl\u0131 \u0131s\u0131nmas\u0131na neden olarak hasara ve yan\u0131k kokusuna yol a\u00e7abilir. Sa\u00e7\u0131n\u0131z\u0131 d\u00fczle\u015ftirmeden \u00f6nce hafif bir \u015fampuan ve sa\u00e7 kremi ile y\u0131kad\u0131\u011f\u0131n\u0131zdan emin olun. Bu, birikintilerin giderilmesine yard\u0131mc\u0131 olacak ve sa\u00e7\u0131n\u0131z\u0131n \u0131s\u0131ya maruz kalmadan \u00f6nce en iyi durumda olmas\u0131n\u0131 sa\u011flayacakt\u0131r.<\/p>\n<h4><span class=\"ez-toc-section\" id=\"Use_a_Heat_Protectant\"><\/span>Is\u0131 Koruyucu Kullan\u0131n<span class=\"ez-toc-section-end\"><\/span><\/h4>\n<p>Sa\u00e7\u0131n\u0131z\u0131 d\u00fczle\u015ftirmeden \u00f6nce bir \u0131s\u0131 koruyucu kullanmak, hasar riskini ve yan\u0131k sa\u00e7 kokusunu azaltmaya yard\u0131mc\u0131 olabilir. Is\u0131 koruyucular, sa\u00e7\u0131n\u0131z ile sa\u00e7 d\u00fczle\u015ftiriciden gelen \u0131s\u0131 aras\u0131nda bir bariyer olu\u015fturarak \u00e7al\u0131\u015f\u0131r. Bu, sa\u00e7\u0131n hasar g\u00f6rmesini \u00f6nlemeye yard\u0131mc\u0131 olur ve yan\u0131k sa\u00e7 kokusu riskini azalt\u0131r. Sa\u00e7\u0131n\u0131z\u0131 d\u00fczle\u015ftirmeden \u00f6nce sa\u00e7\u0131n\u0131za e\u015fit miktarda \u0131s\u0131 koruyucu uygulad\u0131\u011f\u0131n\u0131zdan emin olun.<\/p>\n<h4><span class=\"ez-toc-section\" id=\"Straighten_Your_Hair_in_Small_Sections\"><\/span>Sa\u00e7\u0131n\u0131z\u0131 K\u00fc\u00e7\u00fck B\u00f6l\u00fcmler Halinde D\u00fczle\u015ftirin<span class=\"ez-toc-section-end\"><\/span><\/h4>\n<p>Sa\u00e7\u0131n\u0131z\u0131 d\u00fczle\u015ftirirken k\u00fc\u00e7\u00fck b\u00f6l\u00fcmler halinde \u00e7al\u0131\u015fmak \u00f6nemlidir. Bu, sa\u00e7\u0131n e\u015fit \u015fekilde d\u00fczle\u015fmesini sa\u011flamaya yard\u0131mc\u0131 olacak ve sa\u00e7\u0131n zarar g\u00f6rme riskini azaltacakt\u0131r. Acele etmemek ve s\u00fcreci aceleye getirmemek de \u00f6nemlidir. Zaman ay\u0131rmak sa\u00e7\u0131n zarar g\u00f6rmesini \u00f6nlemeye yard\u0131mc\u0131 olacak ve yan\u0131k sa\u00e7 kokusu riskini azaltacakt\u0131r, az miktarda sa\u00e7 almak da daha iyi sonu\u00e7 verecektir.<\/p>\n<h4><span class=\"ez-toc-section\" id=\"Use_the_Right_Temperature_Setting\"><\/span>Do\u011fru S\u0131cakl\u0131k Ayar\u0131n\u0131 Kullan\u0131n<span class=\"ez-toc-section-end\"><\/span><\/h4>\n<p>Sa\u00e7 d\u00fczle\u015ftiricinizin s\u0131cakl\u0131k ayar\u0131, yan\u0131k sa\u00e7 kokusunu \u00f6nlemek i\u00e7in \u00f6nemlidir. Sa\u00e7 tipinize uygun bir s\u0131cakl\u0131k ayar\u0131 kulland\u0131\u011f\u0131n\u0131zdan emin olun. \u0130nce telli sa\u00e7lar genellikle daha d\u00fc\u015f\u00fck bir s\u0131cakl\u0131k ayar\u0131 gerektirirken, kal\u0131n telli sa\u00e7lar daha y\u00fcksek bir s\u0131cakl\u0131k ayar\u0131 gerektirebilir.<\/p>\n<p>\u00c7ok y\u00fcksek bir s\u0131cakl\u0131k ayar\u0131 kullanmaktan ka\u00e7\u0131nmak da \u00f6nemlidir, \u00e7\u00fcnk\u00fc bu sa\u00e7\u0131n zarar g\u00f6rmesine ve yan\u0131k sa\u00e7 kokusuna neden olabilir, so\u011fuk hava sa\u00e7 d\u00fczle\u015ftiricimizi kullan\u0131rsan\u0131z bu daha iyi olacakt\u0131r, \u00e7\u00fcnk\u00fc s\u0131cakl\u0131\u011f\u0131 daha y\u00fcksek ayarlasan\u0131z bile, so\u011fuk r\u00fczgar \u0131s\u0131 sa\u00e7 s\u0131cakl\u0131\u011f\u0131n\u0131z\u0131 so\u011futacakt\u0131r.<\/p>\n<h4><span class=\"ez-toc-section\" id=\"Avoid_Over-Straightening_Your_Hair\"><\/span>Sa\u00e7\u0131n\u0131z\u0131 A\u015f\u0131r\u0131 D\u00fczle\u015ftirmekten Ka\u00e7\u0131n\u0131n<span class=\"ez-toc-section-end\"><\/span><\/h4>\n<p>Sa\u00e7\u0131n\u0131z\u0131 a\u015f\u0131r\u0131 d\u00fczle\u015ftirmek sa\u00e7\u0131n hasar g\u00f6rmesine ve yan\u0131k sa\u00e7 kokusuna neden olabilir. Sa\u00e7\u0131n\u0131z\u0131 yaln\u0131zca gerekti\u011fi kadar d\u00fczle\u015ftirdi\u011finizden ve a\u015f\u0131r\u0131 d\u00fczle\u015ftirmekten ka\u00e7\u0131nd\u0131\u011f\u0131n\u0131zdan emin olun. Sa\u00e7\u0131n\u0131z\u0131 daha s\u0131k d\u00fczle\u015ftirmeniz gerekti\u011fini fark ederseniz, hasar riskini azaltmak i\u00e7in daha d\u00fc\u015f\u00fck bir s\u0131cakl\u0131k ayar\u0131 kullanmay\u0131 veya bir \u0131s\u0131 koruyucu kullanmay\u0131 d\u00fc\u015f\u00fcn\u00fcn. Ayr\u0131ca, so\u011fuk haval\u0131 sa\u00e7 d\u00fczle\u015ftirici demir kullanmak, sa\u00e7\u0131n\u0131z\u0131 \u015fekillendirmek i\u00e7in so\u011fuk hava kulland\u0131\u011f\u0131ndan hasar riskini azaltmaya yard\u0131mc\u0131 olabilir.<\/p>\n<h4><span class=\"ez-toc-section\" id=\"Keep_Your_Hair_Straightener_Clean\"><\/span>Sa\u00e7 D\u00fczle\u015ftiricinizi Temiz Tutun<span class=\"ez-toc-section-end\"><\/span><\/h4>\n<p>Yan\u0131k sa\u00e7 kokusunu \u00f6nlemek i\u00e7in sa\u00e7 d\u00fczle\u015ftiricinizi temiz tutman\u0131z \u00f6nemlidir. Sa\u00e7 d\u00fczle\u015ftiricinizin \u0131s\u0131tma elemanlar\u0131nda kir ve ya\u011f birikmesi sa\u00e7\u0131n daha h\u0131zl\u0131 \u0131s\u0131nmas\u0131na neden olarak hasara ve yan\u0131k kokusuna yol a\u00e7abilir. Sa\u00e7 d\u00fczle\u015ftiricinizi temiz tutmak i\u00e7in her kullan\u0131mdan sonra nemli bir bezle silmeniz yeterlidir.<\/p>\n<h4><span class=\"ez-toc-section\" id=\"Make_Sure_your_hair_is_completely_dry\"><\/span>Sa\u00e7\u0131n\u0131z\u0131n tamamen kuru oldu\u011fundan emin olun<span class=\"ez-toc-section-end\"><\/span><\/h4>\n<p>Sa\u00e7\u0131n\u0131z\u0131 \u0131slak veya nemli iken d\u00fczle\u015ftirmek sa\u00e7\u0131n\u0131za ciddi zarar verebilir ve yan\u0131k sa\u00e7 kokusuna yol a\u00e7abilir. Sa\u00e7 d\u00fczle\u015ftirici kullanmadan \u00f6nce sa\u00e7\u0131n\u0131z\u0131n tamamen kuru oldu\u011fundan emin olman\u0131z \u00f6nemlidir, \u00e7\u00fcnk\u00fc bu hasar ve yan\u0131k sa\u00e7 kokusu riskini azaltmaya yard\u0131mc\u0131 olacakt\u0131r.<\/p>\n<p>Sa\u00e7\u0131n\u0131z\u0131 havada kurumaya b\u0131rakabilir veya sa\u00e7\u0131n\u0131z\u0131 tamamen kurutmak i\u00e7in d\u00fc\u015f\u00fck \u0131s\u0131 ayar\u0131nda bir sa\u00e7 kurutma makinesi kullanabilirsiniz, en iyi se\u00e7enek y\u00fcksek h\u0131zl\u0131 sa\u00e7 kurutma makinesi kullanmakt\u0131r, neden kulland\u0131\u011f\u0131n\u0131z\u0131 kontrol edin <strong><a href=\"https:\/\/olayerpro.com\/product\/high-speed-hair-dryer\/\" target=\"_blank\" rel=\"noopener\"><em>y\u00fcksek h\u0131zl\u0131 sa\u00e7 kurutma makinesi<\/em><\/a><\/strong> sa\u00e7\u0131n\u0131z\u0131 kurutmak i\u00e7in. Sa\u00e7\u0131n\u0131z\u0131 d\u00fczle\u015ftirmeden \u00f6nce tamamen kuru oldu\u011fundan emin olarak yan\u0131k sa\u00e7 kokusunu \u00f6nleyebilir ve sa\u00e7\u0131n\u0131z\u0131n sa\u011fl\u0131kl\u0131 kalmas\u0131n\u0131 ve en iyi \u015fekilde g\u00f6r\u00fcnmesini sa\u011flayabilirsiniz.<\/p>\n<h4><span class=\"ez-toc-section\" id=\"Use_a_Sulfate-Free_Shampoo_and_Conditioner\"><\/span>S\u00fclfat \u0130\u00e7ermeyen \u015eampuan ve Sa\u00e7 Kremi Kullan\u0131n<span class=\"ez-toc-section-end\"><\/span><\/h4>\n<p>S\u00fclfat i\u00e7ermeyen bir \u015fampuan ve sa\u00e7 kremi kullanmak yan\u0131k sa\u00e7 kokusunu \u00f6nlemeye yard\u0131mc\u0131 olabilir. S\u00fclfatlar, sa\u00e7\u0131n\u0131z\u0131 do\u011fal ya\u011flar\u0131ndan ar\u0131nd\u0131rarak kuru ve hasara e\u011filimli b\u0131rakabilen sert deterjanlard\u0131r. S\u00fclfat i\u00e7ermeyen bir \u015fampuan ve sa\u00e7 kremi kullanmak sa\u00e7\u0131n\u0131z\u0131n nemli kalmas\u0131na yard\u0131mc\u0131 olarak hasar ve yan\u0131k sa\u00e7 kokusu riskini azalt\u0131r.<\/p>\n<h4><span class=\"ez-toc-section\" id=\"Allow_Your_Hair_to_Cool_Down\"><\/span>Sa\u00e7\u0131n\u0131z\u0131n So\u011fumas\u0131na \u0130zin Verin<span class=\"ez-toc-section-end\"><\/span><\/h4>\n<p>Sa\u00e7\u0131n\u0131z\u0131 d\u00fczle\u015ftirdikten sonra, \u015fekillendirmeden veya herhangi bir \u00fcr\u00fcn uygulamadan \u00f6nce sa\u00e7\u0131n\u0131z\u0131n so\u011fumas\u0131n\u0131 beklemek \u00f6nemlidir. Sa\u00e7 d\u00fczle\u015ftiriciden gelen \u0131s\u0131, sa\u00e7 k\u00fctik\u00fcllerinin a\u00e7\u0131lmas\u0131na neden olarak sa\u00e7\u0131 hasara ve yan\u0131k sa\u00e7 kokusuna kar\u015f\u0131 daha hassas hale getirebilir. Sa\u00e7\u0131n\u0131z\u0131n so\u011fumas\u0131na izin vermek, sa\u00e7 k\u00fctik\u00fcllerinin kapanmas\u0131na yard\u0131mc\u0131 olarak hasar ve yan\u0131k sa\u00e7 kokusu riskini azaltacakt\u0131r, so\u011fuk haval\u0131 d\u00fczle\u015ftirici kullanmak geleneksel d\u00fczle\u015ftiriciden daha h\u0131zl\u0131 so\u011fuyacakt\u0131r.<\/p>\n<h4><span class=\"ez-toc-section\" id=\"Use_a_Deep_Conditioning_Treatment\"><\/span>Derinlemesine Bak\u0131m Uygulay\u0131n<span class=\"ez-toc-section-end\"><\/span><\/h4>\n<p>Derinlemesine bak\u0131m uygulamak yan\u0131k sa\u00e7 kokusunu \u00f6nlemeye yard\u0131mc\u0131 olabilir. Derinlemesine bak\u0131m, sa\u00e7\u0131n\u0131zdaki nemi yenileyerek sa\u00e7\u0131n\u0131z\u0131n yumu\u015fak ve sa\u011fl\u0131kl\u0131 hissetmesini sa\u011flar. Bu ayn\u0131 zamanda sa\u00e7\u0131n zarar g\u00f6rme riskini azaltmaya ve yan\u0131k sa\u00e7 kokusunu \u00f6nlemeye yard\u0131mc\u0131 olacakt\u0131r. Sa\u00e7\u0131n\u0131z\u0131 sa\u011fl\u0131kl\u0131 tutmak ve yan\u0131k sa\u00e7 kokusunu \u00f6nlemek i\u00e7in haftada bir kez derinlemesine bak\u0131m uygulamay\u0131 deneyin.<\/p>\n<h4><span class=\"ez-toc-section\" id=\"Avoid_Over-Blowing_Your_Hair\"><\/span>Sa\u00e7\u0131n\u0131z\u0131 A\u015f\u0131r\u0131 Kabartmaktan Ka\u00e7\u0131n\u0131n<span class=\"ez-toc-section-end\"><\/span><\/h4>\n<p>Sa\u00e7\u0131n\u0131za a\u015f\u0131r\u0131 f\u00f6n \u00e7ekmek, sa\u00e7\u0131n kurumas\u0131na veya kabarmas\u0131na ve hasar g\u00f6rmesine neden olarak yan\u0131k sa\u00e7 kokusuna yol a\u00e7abilir. Sa\u00e7\u0131n\u0131z\u0131 kuruturken, d\u00fc\u015f\u00fck \u0131s\u0131 ayar\u0131 kulland\u0131\u011f\u0131n\u0131zdan emin olun ve sa\u00e7\u0131n\u0131za a\u015f\u0131r\u0131 \u00fcflemekten ka\u00e7\u0131n\u0131n, sa\u00e7\u0131n\u0131z\u0131 y\u00fcksek \u0131s\u0131 ayar\u0131yla \u00fcflemek sa\u00e7\u0131n\u0131z\u0131 da yakacakt\u0131r.<\/p>\n<div id=\"attachment_5309\" style=\"width: 1320px\" class=\"wp-caption alignnone\"><img decoding=\"async\" aria-describedby=\"caption-attachment-5309\" class=\"lazyload size-full wp-image-5309\" src=\"https:\/\/www.olayer.com\/wp-content\/uploads\/2023\/02\/High-speed-hair-dryer.jpg\" data-orig-src=\"https:\/\/www.olayer.com\/wp-content\/uploads\/2023\/02\/High-speed-hair-dryer.jpg\" alt=\"Y\u00fcksek h\u0131zl\u0131 sa\u00e7 kurutma makinesi\" width=\"1310\" height=\"927\" title=\"\" srcset=\"data:image\/svg+xml,%3Csvg%20xmlns%3D%27http%3A%2F%2Fwww.w3.org%2F2000%2Fsvg%27%20width%3D%271310%27%20height%3D%27927%27%20viewBox%3D%270%200%201310%20927%27%3E%3Crect%20width%3D%271310%27%20height%3D%27927%27%20fill-opacity%3D%220%22%2F%3E%3C%2Fsvg%3E\" data-srcset=\"https:\/\/www.olayer.com\/wp-content\/uploads\/2023\/02\/High-speed-hair-dryer-200x142.jpg 200w, https:\/\/www.olayer.com\/wp-content\/uploads\/2023\/02\/High-speed-hair-dryer-300x212.jpg 300w, https:\/\/www.olayer.com\/wp-content\/uploads\/2023\/02\/High-speed-hair-dryer-400x283.jpg 400w, https:\/\/www.olayer.com\/wp-content\/uploads\/2023\/02\/High-speed-hair-dryer-600x425.jpg 600w, https:\/\/www.olayer.com\/wp-content\/uploads\/2023\/02\/High-speed-hair-dryer-768x543.jpg 768w, https:\/\/www.olayer.com\/wp-content\/uploads\/2023\/02\/High-speed-hair-dryer-800x566.jpg 800w, https:\/\/www.olayer.com\/wp-content\/uploads\/2023\/02\/High-speed-hair-dryer-1030x729.jpg 1030w, https:\/\/www.olayer.com\/wp-content\/uploads\/2023\/02\/High-speed-hair-dryer-1200x849.jpg 1200w, https:\/\/www.olayer.com\/wp-content\/uploads\/2023\/02\/High-speed-hair-dryer.jpg 1310w\" data-sizes=\"auto\" data-orig-sizes=\"(max-width: 1310px) 100vw, 1310px\" \/><p id=\"caption-attachment-5309\" class=\"wp-caption-text\">Y\u00fcksek h\u0131zl\u0131 sa\u00e7 kurutma makinesi<\/p><\/div>\n<p>Sa\u00e7\u0131n\u0131z\u0131 kurutmak i\u00e7in y\u00fcksek h\u0131zl\u0131 sa\u00e7 kurutma makinesi kullanman\u0131z\u0131 \u00f6neririz, bu, sa\u00e7\u0131n\u0131za zarar vermeyecek d\u00fcnyadaki en iyi sa\u00e7 kurutma makinelerinden biridir, sa\u00e7\u0131n\u0131z\u0131 \u0131s\u0131 hasar\u0131ndan korumak i\u00e7in bu y\u00fcksek h\u0131zl\u0131 sa\u00e7 kurutma makinesinde bir\u00e7ok y\u00fcksek teknoloji vard\u0131r. <strong><a href=\"https:\/\/www.olayer.com\/tr\/urunler\/yuksek-hizli-sac-kurutma-makinesi\/\">y\u00fcksek h\u0131zl\u0131 sa\u00e7 kurutma makinesi<\/a><\/strong> daha ayr\u0131nt\u0131l\u0131 \u00f6zellikleri \u00f6\u011frenmek i\u00e7in \u00fcr\u00fcn sayfas\u0131.<\/p>\n<h4><span class=\"ez-toc-section\" id=\"Avoid_Using_Chemicals_on_Your_Hair\"><\/span>Sa\u00e7\u0131n\u0131zda Kimyasal Kullanmaktan Ka\u00e7\u0131n\u0131n<span class=\"ez-toc-section-end\"><\/span><\/h4>\n<p>Sa\u00e7\u0131n\u0131zda boya ve a\u011fart\u0131c\u0131 gibi kimyasallar\u0131n kullan\u0131lmas\u0131 sa\u00e7\u0131n zarar g\u00f6rmesine ve yan\u0131k sa\u00e7 kokusuna neden olabilir. Sa\u00e7\u0131n\u0131z\u0131 boyamay\u0131 veya a\u011fartmay\u0131 planl\u0131yorsan\u0131z, sa\u00e7 tipiniz i\u00e7in g\u00fcvenli bir \u00fcr\u00fcn kulland\u0131\u011f\u0131n\u0131zdan emin olun. Ayr\u0131ca, sa\u00e7\u0131n\u0131zda gere\u011finden fazla kimyasal kullanmaktan ka\u00e7\u0131n\u0131n, \u00e7\u00fcnk\u00fc bu durum sa\u00e7\u0131n\u0131z\u0131n zarar g\u00f6rmesi ve yan\u0131k kokmas\u0131 riskini art\u0131rabilir.<\/p>\n<p>Yukar\u0131daki ad\u0131mlar\u0131 izleyerek eminim ki \u015funlar\u0131 biliyorsunuzdur <em>D\u00fczle\u015ftirmeden Sonra Sa\u00e7\u0131n\u0131z\u0131n Yan\u0131k Kokmamas\u0131 Nas\u0131l Sa\u011flan\u0131r?<\/em>ve sa\u00e7 sa\u011fl\u0131\u011f\u0131n\u0131za dikkat etmek i\u00e7in daha fazla deneyime sahip olacaks\u0131n\u0131z.<\/p>\n<h5><span class=\"ez-toc-section\" id=\"In_conclusion\"><\/span>Sonu\u00e7 olarak<span class=\"ez-toc-section-end\"><\/span><\/h5>\n<p>Sa\u00e7\u0131n\u0131z\u0131 d\u00fczle\u015ftirdikten sonra yan\u0131k kokmamas\u0131n\u0131 sa\u011flamak do\u011fru \u00f6nlemleri almaktan ge\u00e7er. Bu ipu\u00e7lar\u0131n\u0131 takip ederek hasar riskini azaltabilir ve her d\u00fczle\u015ftirme seans\u0131ndan sonra sa\u00e7\u0131n\u0131z\u0131n taze ve temiz kokmas\u0131n\u0131 sa\u011flayabilirsiniz. Sa\u00e7lar\u0131n\u0131z ister ince telli ister kal\u0131n telli olsun, so\u011fuk hava sa\u00e7 d\u00fczle\u015ftirici, \u0131s\u0131 koruyucu ve s\u00fclfat i\u00e7ermeyen \u015fampuan ve sa\u00e7 kremi kullanmak yan\u0131k sa\u00e7 kokusunu \u00f6nlemeye ve sa\u00e7lar\u0131n\u0131z\u0131n en iyi \u015fekilde g\u00f6r\u00fcnmesine yard\u0131mc\u0131 olabilir.<\/p>\n<p>Ayr\u0131ca, sa\u00e7\u0131n\u0131z\u0131n so\u011fumas\u0131n\u0131 beklemek, derinlemesine bak\u0131m uygulamak, sa\u00e7\u0131n\u0131za a\u015f\u0131r\u0131 \u00fcflemekten veya y\u00fcksek h\u0131zl\u0131 sa\u00e7 kurutma makinesi kullanmaktan ka\u00e7\u0131nmak ve sa\u00e7\u0131n\u0131zda kimyasal kullanmaktan ka\u00e7\u0131nmak da yan\u0131k sa\u00e7 kokusunu \u00f6nlemeye yard\u0131mc\u0131 olabilir. Biraz daha fazla \u00f6zen ve dikkatle, her d\u00fczle\u015ftirme seans\u0131ndan sonra sa\u00e7\u0131n\u0131z\u0131n taze kokmas\u0131n\u0131 ve en iyi \u015fekilde g\u00f6r\u00fcnmesini sa\u011flayabilirsiniz.<\/p>","protected":false},"excerpt":{"rendered":"<p>How to Make Your Hair Not Smell Burnt After Straightening  [&#8230;]<\/p>\n","protected":false},"author":1,"featured_media":4356,"comment_status":"closed","ping_status":"closed","sticky":false,"template":"","format":"standard","meta":{"footnotes":""},"categories":[461,892],"tags":[1106],"class_list":["post-5303","post","type-post","status-publish","format-standard","has-post-thumbnail","hentry","category-hair-straightener","category-hair-styling-tools","tag-how-to-make-your-hair-not-smell-burnt-after-straightening"],"_links":{"self":[{"href":"https:\/\/www.olayer.com\/tr\/wp-json\/wp\/v2\/posts\/5303","targetHints":{"allow":["GET"]}}],"collection":[{"href":"https:\/\/www.olayer.com\/tr\/wp-json\/wp\/v2\/posts"}],"about":[{"href":"https:\/\/www.olayer.com\/tr\/wp-json\/wp\/v2\/types\/post"}],"author":[{"embeddable":true,"href":"https:\/\/www.olayer.com\/tr\/wp-json\/wp\/v2\/users\/1"}],"replies":[{"embeddable":true,"href":"https:\/\/www.olayer.com\/tr\/wp-json\/wp\/v2\/comments?post=5303"}],"version-history":[{"count":0,"href":"https:\/\/www.olayer.com\/tr\/wp-json\/wp\/v2\/posts\/5303\/revisions"}],"wp:featuredmedia":[{"embeddable":true,"href":"https:\/\/www.olayer.com\/tr\/wp-json\/wp\/v2\/media\/4356"}],"wp:attachment":[{"href":"https:\/\/www.olayer.com\/tr\/wp-json\/wp\/v2\/media?parent=5303"}],"wp:term":[{"taxonomy":"category","embeddable":true,"href":"https:\/\/www.olayer.com\/tr\/wp-json\/wp\/v2\/categories?post=5303"},{"taxonomy":"post_tag","embeddable":true,"href":"https:\/\/www.olayer.com\/tr\/wp-json\/wp\/v2\/tags?post=5303"}],"curies":[{"name":"wp","href":"https:\/\/api.w.org\/{rel}","templated":true}]}}