{"id":5668,"date":"2023-06-14T14:27:52","date_gmt":"2023-06-14T14:27:52","guid":{"rendered":"https:\/\/www.olayer.com\/?p=5668"},"modified":"2023-06-14T14:29:47","modified_gmt":"2023-06-14T14:29:47","slug":"alisadores-de-cabelo-personalizados","status":"publish","type":"post","link":"https:\/\/www.olayer.com\/pt\/alisadores-de-cabelo-personalizados\/","title":{"rendered":"Alisadores de cabelo personalizados"},"content":{"rendered":"<div id=\"ez-toc-container\" class=\"ez-toc-v2_0_87 counter-hierarchy ez-toc-counter ez-toc-grey ez-toc-container-direction\">\n<div class=\"ez-toc-title-container\">\n<p class=\"ez-toc-title\" style=\"cursor:inherit\">\u00cdndice<\/p>\n<span class=\"ez-toc-title-toggle\"><a href=\"#\" class=\"ez-toc-pull-right ez-toc-btn ez-toc-btn-xs ez-toc-btn-default ez-toc-toggle\" aria-label=\"Alternar tabela de conte\u00fado\"><span class=\"ez-toc-js-icon-con\"><span class=\"\"><span class=\"eztoc-hide\" style=\"display:none;\">Alternar<\/span><span class=\"ez-toc-icon-toggle-span\"><svg style=\"fill: #999;color:#999\" xmlns=\"http:\/\/www.w3.org\/2000\/svg\" class=\"list-377408\" width=\"20px\" height=\"20px\" viewbox=\"0 0 24 24\" fill=\"none\"><path d=\"M6 6H4v2h2V6zm14 0H8v2h12V6zM4 11h2v2H4v-2zm16 0H8v2h12v-2zM4 16h2v2H4v-2zm16 0H8v2h12v-2z\" fill=\"currentColor\"><\/path><\/svg><svg style=\"fill: #999;color:#999\" class=\"arrow-unsorted-368013\" xmlns=\"http:\/\/www.w3.org\/2000\/svg\" width=\"10px\" height=\"10px\" viewbox=\"0 0 24 24\" version=\"1.2\" baseprofile=\"tiny\"><path d=\"M18.2 9.3l-6.2-6.3-6.2 6.3c-.2.2-.3.4-.3.7s.1.5.3.7c.2.2.4.3.7.3h11c.3 0 .5-.1.7-.3.2-.2.3-.5.3-.7s-.1-.5-.3-.7zM5.8 14.7l6.2 6.3 6.2-6.3c.2-.2.3-.5.3-.7s-.1-.5-.3-.7c-.2-.2-.4-.3-.7-.3h-11c-.3 0-.5.1-.7.3-.2.2-.3.5-.3.7s.1.5.3.7z\"\/><\/svg><\/span><\/span><\/span><\/a><\/span><\/div>\n<nav><ul class='ez-toc-list ez-toc-list-level-1' ><li class='ez-toc-page-1 ez-toc-heading-level-2'><a class=\"ez-toc-link ez-toc-heading-1\" href=\"https:\/\/www.olayer.com\/pt\/alisadores-de-cabelo-personalizados\/#Custom_Hair_Straighteners_Personalized_Styling_Tools_for_Perfectly_Straight_Hair\" >Alisadores de cabelo personalizados: Ferramentas de modelagem personalizadas para cabelos perfeitamente lisos<\/a><ul class='ez-toc-list-level-3' ><li class='ez-toc-heading-level-3'><a class=\"ez-toc-link ez-toc-heading-2\" href=\"https:\/\/www.olayer.com\/pt\/alisadores-de-cabelo-personalizados\/#Benefits_of_Custom_Hair_Straighteners\" >Benef\u00edcios dos alisadores de cabelo personalizados:<\/a><\/li><li class='ez-toc-page-1 ez-toc-heading-level-3'><a class=\"ez-toc-link ez-toc-heading-3\" href=\"https:\/\/www.olayer.com\/pt\/alisadores-de-cabelo-personalizados\/#Factors_to_Consider_When_Choosing_Custom_Hair_Straighteners\" >Fatores a serem considerados na escolha de alisadores de cabelo personalizados:<\/a><\/li><li class='ez-toc-page-1 ez-toc-heading-level-3'><a class=\"ez-toc-link ez-toc-heading-4\" href=\"https:\/\/www.olayer.com\/pt\/alisadores-de-cabelo-personalizados\/#Popular_Models_of_Custom_Hair_Straighteners\" >Modelos populares de alisadores de cabelo personalizados:<\/a><\/li><li class='ez-toc-page-1 ez-toc-heading-level-3'><a class=\"ez-toc-link ez-toc-heading-5\" href=\"https:\/\/www.olayer.com\/pt\/alisadores-de-cabelo-personalizados\/#How_to_Order_and_Customize_a_Hair_Straightener\" >Como pedir e personalizar um alisador de cabelo:<\/a><\/li><li class='ez-toc-page-1 ez-toc-heading-level-3'><a class=\"ez-toc-link ez-toc-heading-6\" href=\"https:\/\/www.olayer.com\/pt\/alisadores-de-cabelo-personalizados\/#Maintenance_and_Care_for_Custom_Hair_Straighteners\" >Manuten\u00e7\u00e3o e cuidados com os alisadores de cabelo personalizados:<\/a><\/li><\/ul><\/li><\/ul><\/nav><\/div>\n<h2><span class=\"ez-toc-section\" id=\"Custom_Hair_Straighteners_Personalized_Styling_Tools_for_Perfectly_Straight_Hair\"><\/span>Alisadores de cabelo personalizados: Ferramentas de modelagem personalizadas para cabelos perfeitamente lisos<span class=\"ez-toc-section-end\"><\/span><\/h2>\n<p><a href=\"https:\/\/www.olayer.com\/pt\/alisadores-de-cabelo-personalizados\/\"><em><strong>Alisadores de cabelo personalizados<\/strong><\/em><\/a> s\u00e3o ferramentas de modelagem de cabelo que podem ser personalizadas e adaptadas para atender \u00e0s prefer\u00eancias e necessidades individuais. Diferentemente dos alisadores de cabelo padr\u00e3o, os modelos personalizados permitem que os usu\u00e1rios personalizem v\u00e1rios aspectos do dispositivo, como cor, padr\u00e3o, design e, \u00e0s vezes, at\u00e9 mesmo recursos.<\/p>\n<p>Com os alisadores de cabelo personalizados, os usu\u00e1rios podem escolher entre uma s\u00e9rie de op\u00e7\u00f5es para criar uma ferramenta de modelagem exclusiva e personalizada. Essa personaliza\u00e7\u00e3o pode se estender \u00e0 apar\u00eancia do alisador, permitindo que os indiv\u00edduos selecionem cores ou padr\u00f5es que reflitam seu estilo pessoal ou suas prefer\u00eancias est\u00e9ticas.<\/p>\n<p>No mundo da modelagem de cabelos, um tamanho \u00fanico n\u00e3o serve para todos. \u00c9 a\u00ed que entram em cena os alisadores de cabelo personalizados. Essas ferramentas de modelagem personalizadas oferecem uma s\u00e9rie de benef\u00edcios, permitindo que voc\u00ea adapte sua experi\u00eancia de alisamento para atender \u00e0s suas necessidades exclusivas. Neste artigo, vamos nos aprofundar no mundo dos alisadores de cabelo personalizados e explorar os v\u00e1rios fatores a serem considerados ao escolher um.<\/p>\n<div id=\"attachment_5408\" style=\"width: 810px\" class=\"wp-caption aligncenter\"><img decoding=\"async\" aria-describedby=\"caption-attachment-5408\" class=\"lazyload size-full wp-image-5408\" src=\"https:\/\/www.olayer.com\/wp-content\/uploads\/2021\/11\/Mini-Ceramic-Flat-Iron-1.jpg\" data-orig-src=\"https:\/\/www.olayer.com\/wp-content\/uploads\/2021\/11\/Mini-Ceramic-Flat-Iron-1.jpg\" alt=\"alisadores de cabelo personalizados\" width=\"800\" height=\"800\" title=\"\" srcset=\"data:image\/svg+xml,%3Csvg%20xmlns%3D%27http%3A%2F%2Fwww.w3.org%2F2000%2Fsvg%27%20width%3D%27800%27%20height%3D%27800%27%20viewBox%3D%270%200%20800%20800%27%3E%3Crect%20width%3D%27800%27%20height%3D%27800%27%20fill-opacity%3D%220%22%2F%3E%3C%2Fsvg%3E\" data-srcset=\"https:\/\/www.olayer.com\/wp-content\/uploads\/2021\/11\/Mini-Ceramic-Flat-Iron-1-66x66.jpg 66w, https:\/\/www.olayer.com\/wp-content\/uploads\/2021\/11\/Mini-Ceramic-Flat-Iron-1-80x80.jpg 80w, https:\/\/www.olayer.com\/wp-content\/uploads\/2021\/11\/Mini-Ceramic-Flat-Iron-1-200x200.jpg 200w, https:\/\/www.olayer.com\/wp-content\/uploads\/2021\/11\/Mini-Ceramic-Flat-Iron-1-300x300.jpg 300w, https:\/\/www.olayer.com\/wp-content\/uploads\/2021\/11\/Mini-Ceramic-Flat-Iron-1-400x400.jpg 400w, https:\/\/www.olayer.com\/wp-content\/uploads\/2021\/11\/Mini-Ceramic-Flat-Iron-1-600x600.jpg 600w, https:\/\/www.olayer.com\/wp-content\/uploads\/2021\/11\/Mini-Ceramic-Flat-Iron-1-768x768.jpg 768w, https:\/\/www.olayer.com\/wp-content\/uploads\/2021\/11\/Mini-Ceramic-Flat-Iron-1.jpg 800w\" data-sizes=\"auto\" data-orig-sizes=\"(max-width: 800px) 100vw, 800px\" \/><p id=\"caption-attachment-5408\" class=\"wp-caption-text\">Mini chapinha de cer\u00e2mica<\/p><\/div>\n<p>Tamb\u00e9m destacaremos modelos populares, discutiremos o processo de personaliza\u00e7\u00e3o e forneceremos dicas essenciais de manuten\u00e7\u00e3o. Prepare-se para desbloquear o potencial de um alisador de cabelo personalizado da Olayer Company, a principal inovadora no setor de modelagem de cabelos.<\/p>\n<h3><span class=\"ez-toc-section\" id=\"Benefits_of_Custom_Hair_Straighteners\"><\/span>Benef\u00edcios dos alisadores de cabelo personalizados:<span class=\"ez-toc-section-end\"><\/span><\/h3>\n<ol>\n<li>Experi\u00eancia aprimorada de modelagem: Os alisadores de cabelo personalizados permitem que voc\u00ea tenha controle total sobre sua jornada de modelagem de cabelo. Com configura\u00e7\u00f5es de temperatura ajust\u00e1veis, voc\u00ea pode personalizar o n\u00edvel de calor de acordo com o tipo e a textura do seu cabelo. Os cabelos finos requerem uma temperatura mais baixa, enquanto os cabelos grossos e \u00e1speros podem se beneficiar de uma temperatura mais alta. Esse n\u00edvel de controle garante resultados ideais e minimiza o risco de danos causados pelo calor.<\/li>\n<li>Redu\u00e7\u00e3o de danos e melhoria da sa\u00fade do cabelo: Quando se trata de alisamento de cabelos, os danos s\u00e3o uma preocupa\u00e7\u00e3o para muitos. Os alisadores de cabelo personalizados resolvem esse problema empregando tecnologias e materiais avan\u00e7ados. Eles distribuem o calor uniformemente pelas placas, reduzindo os pontos quentes e minimizando a quebra do cabelo. Ao usar um alisador de cabelo personalizado, voc\u00ea pode obter mechas lisas e elegantes sem comprometer a sa\u00fade do seu cabelo.<\/li>\n<li>Caracter\u00edsticas e est\u00e9tica personalizadas: Os alisadores de cabelo personalizados oferecem mais do que apenas benef\u00edcios funcionais. Eles oferecem uma oportunidade de express\u00e3o e estilo pessoal. A Olayer Company, uma renomada l\u00edder do setor, oferece uma ampla gama de op\u00e7\u00f5es de personaliza\u00e7\u00e3o. Voc\u00ea pode selecionar cores, padr\u00f5es e desenhos personalizados que combinem com sua personalidade e gosto \u00fanicos. Al\u00e9m disso, o design ergon\u00f4mico dessas pranchas garante conforto e facilidade de uso durante as sess\u00f5es de modelagem.<\/li>\n<\/ol>\n<h3><span class=\"ez-toc-section\" id=\"Factors_to_Consider_When_Choosing_Custom_Hair_Straighteners\"><\/span>Fatores a serem considerados na escolha de alisadores de cabelo personalizados:<span class=\"ez-toc-section-end\"><\/span><\/h3>\n<ol>\n<li>Tipo e textura do cabelo: Entender o seu tipo de cabelo \u00e9 fundamental para selecionar o alisador de cabelo personalizado certo. Considere fatores como espessura, comprimento e padr\u00e3o de ondula\u00e7\u00e3o. Cabelos finos ou delicados podem se beneficiar de configura\u00e7\u00f5es de calor mais baixas, enquanto cabelos grossos ou resistentes podem exigir temperaturas mais altas. Ao escolher um alisador que se alinhe com as caracter\u00edsticas do seu cabelo, voc\u00ea poder\u00e1 obter os melhores resultados.<\/li>\n<li>Op\u00e7\u00f5es de material da placa: O material das placas desempenha um papel importante no processo de alisamento. Os materiais comuns das placas incluem cer\u00e2mica, turmalina e tit\u00e2nio. As placas de cer\u00e2mica distribuem o calor uniformemente, reduzindo os danos e o frizz. As placas de turmalina geram \u00edons negativos, resultando em cabelos mais lisos e brilhantes. As placas de tit\u00e2nio oferecem aquecimento r\u00e1pido e durabilidade excepcional. Cada material tem suas vantagens, portanto, escolha o que melhor se adapta ao seu tipo de cabelo e \u00e0s suas necessidades de modelagem.<\/li>\n<li>Controle de temperatura e configura\u00e7\u00f5es de calor: Procure alisadores de cabelo personalizados que ofere\u00e7am controle de temperatura ajust\u00e1vel. Esse recurso permite o ajuste fino do calor de acordo com as necessidades do seu cabelo. As configura\u00e7\u00f5es precisas de temperatura garantem um alisamento eficiente e minimizam os danos causados pelo calor.<\/li>\n<li>Tamanho e peso: Considere o tamanho e o peso do alisador, especialmente se voc\u00ea planeja us\u00e1-lo com frequ\u00eancia ou por per\u00edodos prolongados. Um design leve e compacto pode melhorar a capacidade de manobra e reduzir a tens\u00e3o em seu pulso durante as sess\u00f5es de modelagem.<\/li>\n<li>Recursos e tecnologias adicionais: Os alisadores de cabelo personalizados geralmente v\u00eam equipados com tecnologias inovadoras para aprimorar a experi\u00eancia de modelagem. Procure recursos como a tecnologia i\u00f4nica, que reduz o frizz e promove um cabelo mais macio. As placas flutuantes proporcionam melhor contato com o cabelo, garantindo resultados consistentes. Um recurso de seguran\u00e7a de desligamento autom\u00e1tico \u00e9 essencial para a tranquilidade, desligando automaticamente o alisador ap\u00f3s um per\u00edodo de inatividade.<\/li>\n<\/ol>\n<h3><span class=\"ez-toc-section\" id=\"Popular_Models_of_Custom_Hair_Straighteners\"><\/span>Modelos populares de alisadores de cabelo personalizados:<span class=\"ez-toc-section-end\"><\/span><\/h3>\n<ol>\n<li>Alisador de cabelo com ar frio:\n<ul>\n<li>Caracter\u00edsticas: Ajustes de temperatura ajust\u00e1veis, placas de cer\u00e2mica para distribui\u00e7\u00e3o uniforme do calor, op\u00e7\u00f5es de cores personaliz\u00e1veis.<\/li>\n<li>Especifica\u00e7\u00f5es: Design leve, tempo de aquecimento r\u00e1pido, cabo girat\u00f3rio para f\u00e1cil manobrabilidade.<\/li>\n<li>Op\u00e7\u00f5es de personaliza\u00e7\u00e3o: Escolha entre uma variedade de cores vibrantes para criar um visual exclusivo que combine com seu estilo e personalidade.<\/li>\n<li>Sistemas de fluxo de ar frio que sopram o ar para o cabelo aquecido, de modo que n\u00e3o haver\u00e1 danos ao cabelo<\/li>\n<\/ul>\n<\/li>\n<\/ol>\n<h3><span class=\"ez-toc-section\" id=\"How_to_Order_and_Customize_a_Hair_Straightener\"><\/span>Como pedir e personalizar um alisador de cabelo:<span class=\"ez-toc-section-end\"><\/span><\/h3>\n<ol>\n<li>Plataformas de personaliza\u00e7\u00e3o on-line: Olayer <a href=\"https:\/\/www.olayer.com\/pt\/\">ferros de passar roupa no atacado<\/a> A plataforma on-line da empresa oferece um processo de personaliza\u00e7\u00e3o f\u00e1cil de usar para encomendar seu alisador de cabelo personalizado.\n<ul>\n<li>Processo passo a passo: Visite o site, escolha o modelo desejado, selecione as op\u00e7\u00f5es de personaliza\u00e7\u00e3o (como cor ou padr\u00e3o) e prossiga para a finaliza\u00e7\u00e3o da compra.<\/li>\n<li>Op\u00e7\u00f5es de personaliza\u00e7\u00e3o dispon\u00edveis: Explore a variedade de cores, padr\u00f5es e designs dispon\u00edveis para criar um alisador de cabelo \u00fanico que reflita sua individualidade.<\/li>\n<\/ul>\n<\/li>\n<li>Op\u00e7\u00f5es de personaliza\u00e7\u00e3o na loja: Visite uma loja f\u00edsica da Olayer Custom Hair Straightener Company para ter uma experi\u00eancia de compra personalizada.\n<ul>\n<li>Servi\u00e7os e processo de personaliza\u00e7\u00e3o: Consulte um membro experiente da equipe que o guiar\u00e1 pelo processo de personaliza\u00e7\u00e3o. Eles o ajudar\u00e3o a escolher o modelo, discutir\u00e3o as op\u00e7\u00f5es de personaliza\u00e7\u00e3o dispon\u00edveis e garantir\u00e3o que voc\u00ea obtenha o alisador de cabelo personalizado perfeito.\n<p><div id=\"attachment_5246\" style=\"width: 510px\" class=\"wp-caption alignright\"><img decoding=\"async\" aria-describedby=\"caption-attachment-5246\" class=\"lazyload size-full wp-image-5246\" src=\"https:\/\/www.olayer.com\/wp-content\/uploads\/2023\/02\/Hair-straightener.png\" data-orig-src=\"https:\/\/www.olayer.com\/wp-content\/uploads\/2023\/02\/Hair-straightener.png\" alt=\"Alisador de cabelo\" width=\"500\" height=\"375\" title=\"\" srcset=\"data:image\/svg+xml,%3Csvg%20xmlns%3D%27http%3A%2F%2Fwww.w3.org%2F2000%2Fsvg%27%20width%3D%27500%27%20height%3D%27375%27%20viewBox%3D%270%200%20500%20375%27%3E%3Crect%20width%3D%27500%27%20height%3D%27375%27%20fill-opacity%3D%220%22%2F%3E%3C%2Fsvg%3E\" data-srcset=\"https:\/\/www.olayer.com\/wp-content\/uploads\/2023\/02\/Hair-straightener-200x150.png 200w, https:\/\/www.olayer.com\/wp-content\/uploads\/2023\/02\/Hair-straightener-300x225.png 300w, https:\/\/www.olayer.com\/wp-content\/uploads\/2023\/02\/Hair-straightener-400x300.png 400w, https:\/\/www.olayer.com\/wp-content\/uploads\/2023\/02\/Hair-straightener.png 500w\" data-sizes=\"auto\" data-orig-sizes=\"(max-width: 500px) 100vw, 500px\" \/><p id=\"caption-attachment-5246\" class=\"wp-caption-text\">Alisador de cabelo<\/p><\/div><\/li>\n<\/ul>\n<\/li>\n<\/ol>\n<h3><span class=\"ez-toc-section\" id=\"Maintenance_and_Care_for_Custom_Hair_Straighteners\"><\/span>Manuten\u00e7\u00e3o e cuidados com os alisadores de cabelo personalizados:<span class=\"ez-toc-section-end\"><\/span><\/h3>\n<ol>\n<li>Instru\u00e7\u00f5es de limpeza e cuidados com o produto:\n<ul>\n<li>Limpe regularmente as placas com um pano macio ou toalha \u00famida para remover qualquer ac\u00famulo de produto.<\/li>\n<li>Evite usar produtos de limpeza abrasivos ou produtos qu\u00edmicos agressivos que possam danificar as placas.<\/li>\n<li>Guarde o alisador em um local fresco e seco quando n\u00e3o estiver em uso para proteg\u00ea-lo contra poeira e umidade.<\/li>\n<\/ul>\n<\/li>\n<li>Dicas e recomenda\u00e7\u00f5es de armazenamento:\n<ul>\n<li>Use uma bolsa ou estojo resistente ao calor para proteger o alisador quando estiver viajando ou guardando-o.<\/li>\n<li>Deixe o alisador esfriar completamente antes de guard\u00e1-lo para evitar qualquer dano acidental.<\/li>\n<\/ul>\n<\/li>\n<li>Solu\u00e7\u00e3o de problemas comuns:\n<ul>\n<li>Se tiver algum problema com seu alisador de cabelo personalizado, consulte as instru\u00e7\u00f5es do fabricante ou entre em contato com o atendimento ao cliente da Olayer Company para obter assist\u00eancia.<\/li>\n<li>Evite tentar consertar o alisador por conta pr\u00f3pria, pois isso pode anular a garantia.<\/li>\n<\/ul>\n<\/li>\n<\/ol>\n<p><span lang=\"EN-US\" style=\"font-family: 'Arial',sans-serif;\">Olayer <\/span><span lang=\"EN-US\"><span style=\"font-family: 'Arial',sans-serif;\">Fabricante de alisadores de cabelo personalizados<\/span><\/span><span lang=\"EN-US\" style=\"font-family: 'Arial',sans-serif;\"> ofertas <a href=\"https:\/\/www.olayer.com\/pt\/produtos\/alisador-de-cabelo-com-ar-frio\/\">alisador de cabelo com ar frio<\/a>ferro de frisar e <\/span><span lang=\"EN-US\"><a href=\"https:\/\/ifely.com\/product\/high-speed-hair-dryer\/\" target=\"_blank\" rel=\"noopener\"><span style=\"font-family: 'Arial',sans-serif;\">Secador de cabelo de alta velocidade<\/span><\/a><\/span><span lang=\"EN-US\" style=\"font-family: 'Arial',sans-serif;\"> Com motor sem escovas e tecnologia de luz infravermelha distante, a Olayer \u00e9 a l\u00edder em <\/span><span lang=\"EN-US\"><a href=\"https:\/\/www.olayer.com\/pt\/sobre-nos\/\"><span style=\"font-family: 'Arial',sans-serif;\">Fabricante de ferramentas para modelagem de cabelo<\/span><\/a><\/span><span lang=\"EN-US\" style=\"font-family: 'Arial',sans-serif;\">. Nosso secador de cabelos foi projetado para oferecer desempenho superior, durabilidade e facilidade de uso. Com seu motor sem escovas, ele oferece secagem em alta velocidade que reduz o tempo de secagem em at\u00e9 50%.<\/span><\/p>\n<p><span lang=\"EN-US\" style=\"font-family: 'Arial',sans-serif;\">Nosso secador de cabelos \u00e9 equipado com tecnologia de luz infravermelha distante que penetra na haste capilar para secar o cabelo de dentro para fora. Essa tecnologia ret\u00e9m a umidade, deixando seu cabelo macio, brilhante e saud\u00e1vel. Diga adeus aos cabelos danificados e com frizz e ol\u00e1 ao estilo de qualidade de sal\u00e3o em casa.<\/span><\/p>\n<p><span lang=\"EN-US\" style=\"font-family: 'Arial',sans-serif;\">Em Olayer <\/span><span lang=\"EN-US\"><span style=\"font-family: 'Arial',sans-serif;\">ferros de passar roupa no atacado<\/span><\/span><span lang=\"EN-US\" style=\"font-family: 'Arial',sans-serif;\"> Em rela\u00e7\u00e3o ao fabricante, temos o compromisso de oferecer o melhor atendimento e suporte ao cliente poss\u00edvel. Nossa equipe de especialistas est\u00e1 sempre dispon\u00edvel para responder a quaisquer perguntas que voc\u00ea possa ter. Eles podem fornecer suporte t\u00e9cnico e ajud\u00e1-lo a encontrar os produtos certos para atender \u00e0s suas necessidades.<\/span><\/p>\n<p><span lang=\"EN-US\" style=\"font-family: 'Arial',sans-serif;\">Nosso <\/span><span lang=\"EN-US\"><a href=\"https:\/\/ifely.com\/\" target=\"_blank\" rel=\"noopener\"><span style=\"font-family: 'Arial',sans-serif;\">Secador de cabelo com infravermelho distante<\/span><\/a><\/span><span lang=\"EN-US\" style=\"font-family: 'Arial',sans-serif;\"> \u00e9 perfeito para cabeleireiros profissionais e sal\u00f5es de beleza. Com sua secagem em alta velocidade e tecnologia de luz infravermelha distante, voc\u00ea pode proporcionar aos seus clientes a melhor experi\u00eancia de modelagem de cabelo. Nossa linha de produtos tamb\u00e9m inclui escovas alisadoras de cabelo \u00famido para seco, pranchas modeladoras de ar frio, chapinhas de cer\u00e2mica de \u00edon negativo e outras ferramentas de modelagem de cabelo com marca pr\u00f3pria personalizada.<\/span><\/p>\n<p>Conclus\u00e3o:<\/p>\n<p>Os alisadores de cabelo personalizados oferecem um mundo de possibilidades para um estilo de cabelo personalizado. Com benef\u00edcios como controle aprimorado, redu\u00e7\u00e3o de danos e est\u00e9tica exclusiva, essas ferramentas de modelagem s\u00e3o um divisor de \u00e1guas. Ao considerar fatores como tipo de cabelo, materiais das placas e controle de temperatura, voc\u00ea pode escolher um alisador de cabelo personalizado que atenda perfeitamente \u00e0s suas necessidades.<\/p>\n<p>A empresa de alisadores de cabelo personalizados Olayer, l\u00edder inovadora no setor, oferece uma variedade de modelos populares com op\u00e7\u00f5es de personaliza\u00e7\u00e3o para refletir seu estilo. Lembre-se de seguir as diretrizes de manuten\u00e7\u00e3o e cuidados adequados para garantir a longevidade de seu alisador de cabelo personalizado. Aproveite o poder da personaliza\u00e7\u00e3o e obtenha um cabelo liso impec\u00e1vel com um toque personalizado.<\/p>","protected":false},"excerpt":{"rendered":"<p>Custom Hair Straighteners: Personalized Styling Tools for Perfectly Straight Hair  [&#8230;]<\/p>\n","protected":false},"author":1,"featured_media":5278,"comment_status":"closed","ping_status":"closed","sticky":false,"template":"","format":"standard","meta":{"footnotes":""},"categories":[40],"tags":[889],"class_list":["post-5668","post","type-post","status-publish","format-standard","has-post-thumbnail","hentry","category-hair-straightener-brush","tag-custom-hair-straighteners"],"_links":{"self":[{"href":"https:\/\/www.olayer.com\/pt\/wp-json\/wp\/v2\/posts\/5668","targetHints":{"allow":["GET"]}}],"collection":[{"href":"https:\/\/www.olayer.com\/pt\/wp-json\/wp\/v2\/posts"}],"about":[{"href":"https:\/\/www.olayer.com\/pt\/wp-json\/wp\/v2\/types\/post"}],"author":[{"embeddable":true,"href":"https:\/\/www.olayer.com\/pt\/wp-json\/wp\/v2\/users\/1"}],"replies":[{"embeddable":true,"href":"https:\/\/www.olayer.com\/pt\/wp-json\/wp\/v2\/comments?post=5668"}],"version-history":[{"count":0,"href":"https:\/\/www.olayer.com\/pt\/wp-json\/wp\/v2\/posts\/5668\/revisions"}],"wp:featuredmedia":[{"embeddable":true,"href":"https:\/\/www.olayer.com\/pt\/wp-json\/wp\/v2\/media\/5278"}],"wp:attachment":[{"href":"https:\/\/www.olayer.com\/pt\/wp-json\/wp\/v2\/media?parent=5668"}],"wp:term":[{"taxonomy":"category","embeddable":true,"href":"https:\/\/www.olayer.com\/pt\/wp-json\/wp\/v2\/categories?post=5668"},{"taxonomy":"post_tag","embeddable":true,"href":"https:\/\/www.olayer.com\/pt\/wp-json\/wp\/v2\/tags?post=5668"}],"curies":[{"name":"wp","href":"https:\/\/api.w.org\/{rel}","templated":true}]}}