{"id":5892,"date":"2025-01-04T00:21:25","date_gmt":"2025-01-04T00:21:25","guid":{"rendered":"https:\/\/www.olayer.com\/?p=5892"},"modified":"2025-01-04T13:47:13","modified_gmt":"2025-01-04T13:47:13","slug":"legjobb-elektromos-fejbor-masszirozo-a-haj-novekedesehez","status":"publish","type":"post","link":"https:\/\/www.olayer.com\/hu\/legjobb-elektromos-fejbor-masszirozo-a-haj-novekedesehez\/","title":{"rendered":"A legjobb elektromos fejb\u0151r massz\u00edroz\u00f3 a hajn\u00f6veked\u00e9shez"},"content":{"rendered":"<p><span style=\"font-weight: 400;\">Az eg\u00e9szs\u00e9ges, d\u00fas s\u00f6r\u00e9ny kiindul\u00f3pontja a legals\u00f3 ter\u00fcleten kezd\u0151dik: a fejb\u0151r\u00f6n. A hajsz\u00e1lak k\u00f6z\u00fcl <\/span><b>legjobb <\/b><a href=\"https:\/\/www.olayer.com\/hu\/\"><b>elektromos fejb\u0151r massz\u00edroz\u00f3<\/b><\/a><b> a haj n\u00f6veked\u00e9s\u00e9hez<\/b><span style=\"font-weight: 400;\">, ez az innov\u00e1ci\u00f3 egyre ink\u00e1bb el\u0151t\u00e9rbe ker\u00fclt a modern haj\u00e1pol\u00e1sban. Ezeket kifejezetten a fejb\u0151r stimul\u00e1l\u00e1s\u00e1ra, a v\u00e9rkering\u00e9s fokoz\u00e1s\u00e1ra \u00e9s az elme megnyugtat\u00e1s\u00e1ra hozt\u00e1k l\u00e9tre. Ez m\u00e1ra az eg\u00e9szs\u00e9gesebb, vastagabb f\u00fcrt\u00f6kre v\u00e1gy\u00f3 egy\u00e9nek sz\u00e1m\u00e1ra v\u00e1lt a men\u0151v\u00e9.<\/span><\/p>\n<p><span style=\"font-weight: 400;\">A haj\u00e1pol\u00e1s \u00faj holisztikus megk\u00f6zel\u00edt\u00e9s\u00e9hez t\u00f6bb kell, mint egy fejb\u0151rmassz\u00edroz\u00f3. <\/span><b>Professzion\u00e1lis sz\u00e1r\u00edt\u00f3k, forg\u00f3kef\u00e9s sz\u00e1r\u00edt\u00f3k,<\/b><span style=\"font-weight: 400;\"> \u00e9s m\u00e9g a styling eszk\u00f6z\u00f6k is val\u00f3ban seg\u00edtenek abban, hogy szalonfriss frizur\u00e1t kapjunk an\u00e9lk\u00fcl, hogy be kellene tenn\u00fcnk a l\u00e1bunkat egy szalonba.\u00a0<\/span><\/p>\n<p><span style=\"font-weight: 400;\">Ez az \u00fatmutat\u00f3 az \u00d6n sz\u00e1m\u00e1ra, hogy belemer\u00fclj\u00f6n a <\/span><b>elektromos fejb\u0151r massz\u00edroz\u00f3k<\/b><span style=\"font-weight: 400;\"> \u00e9s egy\u00e9b kieg\u00e9sz\u00edt\u0151 eszk\u00f6z\u00f6k a haj\u00e1pol\u00e1s extra lend\u00fclet\u00e9\u00e9rt.<\/span><\/p>\n<div id=\"ez-toc-container\" class=\"ez-toc-v2_0_82_2 counter-hierarchy ez-toc-counter ez-toc-grey ez-toc-container-direction\">\n<div class=\"ez-toc-title-container\">\n<p class=\"ez-toc-title\" style=\"cursor:inherit\">Tartalomjegyz\u00e9k<\/p>\n<span class=\"ez-toc-title-toggle\"><a href=\"#\" class=\"ez-toc-pull-right ez-toc-btn ez-toc-btn-xs ez-toc-btn-default ez-toc-toggle\" aria-label=\"Toggle Tartalomjegyz\u00e9k\"><span class=\"ez-toc-js-icon-con\"><span class=\"\"><span class=\"eztoc-hide\" style=\"display:none;\">Toggle<\/span><span class=\"ez-toc-icon-toggle-span\"><svg style=\"fill: #999;color:#999\" xmlns=\"http:\/\/www.w3.org\/2000\/svg\" class=\"list-377408\" width=\"20px\" height=\"20px\" viewbox=\"0 0 24 24\" fill=\"none\"><path d=\"M6 6H4v2h2V6zm14 0H8v2h12V6zM4 11h2v2H4v-2zm16 0H8v2h12v-2zM4 16h2v2H4v-2zm16 0H8v2h12v-2z\" fill=\"currentColor\"><\/path><\/svg><svg style=\"fill: #999;color:#999\" class=\"arrow-unsorted-368013\" xmlns=\"http:\/\/www.w3.org\/2000\/svg\" width=\"10px\" height=\"10px\" viewbox=\"0 0 24 24\" version=\"1.2\" baseprofile=\"tiny\"><path d=\"M18.2 9.3l-6.2-6.3-6.2 6.3c-.2.2-.3.4-.3.7s.1.5.3.7c.2.2.4.3.7.3h11c.3 0 .5-.1.7-.3.2-.2.3-.5.3-.7s-.1-.5-.3-.7zM5.8 14.7l6.2 6.3 6.2-6.3c.2-.2.3-.5.3-.7s-.1-.5-.3-.7c-.2-.2-.4-.3-.7-.3h-11c-.3 0-.5.1-.7.3-.2.2-.3.5-.3.7s.1.5.3.7z\"\/><\/svg><\/span><\/span><\/span><\/a><\/span><\/div>\n<nav><ul class='ez-toc-list ez-toc-list-level-1' ><li class='ez-toc-page-1 ez-toc-heading-level-2'><a class=\"ez-toc-link ez-toc-heading-1\" href=\"https:\/\/www.olayer.com\/hu\/legjobb-elektromos-fejbor-masszirozo-a-haj-novekedesehez\/#Why_Choose_an_Electric_Scalp_Massager_for_Hair_Growth\" >Mi\u00e9rt v\u00e1lasszon elektromos fejb\u0151rmassz\u00edroz\u00f3t a hajn\u00f6veked\u00e9shez?<\/a><ul class='ez-toc-list-level-3' ><li class='ez-toc-heading-level-3'><a class=\"ez-toc-link ez-toc-heading-2\" href=\"https:\/\/www.olayer.com\/hu\/legjobb-elektromos-fejbor-masszirozo-a-haj-novekedesehez\/#a_Boosts_Hair_Follicle_Stimulation\" >a) Fokozza a hajhagym\u00e1k stimul\u00e1ci\u00f3j\u00e1t<\/a><\/li><li class='ez-toc-page-1 ez-toc-heading-level-3'><a class=\"ez-toc-link ez-toc-heading-3\" href=\"https:\/\/www.olayer.com\/hu\/legjobb-elektromos-fejbor-masszirozo-a-haj-novekedesehez\/#b_Reduces_Dandruff_and_Flakiness\" >b) Cs\u00f6kkenti a korp\u00e1sod\u00e1st \u00e9s a h\u00e1ml\u00e1st<\/a><\/li><li class='ez-toc-page-1 ez-toc-heading-level-3'><a class=\"ez-toc-link ez-toc-heading-4\" href=\"https:\/\/www.olayer.com\/hu\/legjobb-elektromos-fejbor-masszirozo-a-haj-novekedesehez\/#c_Improves_Mental_Well-Being\" >c) Jav\u00edtja a ment\u00e1lis j\u00f3l\u00e9tet<\/a><\/li><\/ul><\/li><li class='ez-toc-page-1 ez-toc-heading-level-2'><a class=\"ez-toc-link ez-toc-heading-5\" href=\"https:\/\/www.olayer.com\/hu\/legjobb-elektromos-fejbor-masszirozo-a-haj-novekedesehez\/#How_to_Use_an_Electric_Scalp_Massager_Effectively\" >Hogyan haszn\u00e1ljuk hat\u00e9konyan az elektromos fejb\u0151rmassz\u00edroz\u00f3t?<\/a><ul class='ez-toc-list-level-3' ><li class='ez-toc-heading-level-3'><a class=\"ez-toc-link ez-toc-heading-6\" href=\"https:\/\/www.olayer.com\/hu\/legjobb-elektromos-fejbor-masszirozo-a-haj-novekedesehez\/#1_Start_with_Clean_Hair\" >1: Kezdje tiszta hajjal<\/a><\/li><li class='ez-toc-page-1 ez-toc-heading-level-3'><a class=\"ez-toc-link ez-toc-heading-7\" href=\"https:\/\/www.olayer.com\/hu\/legjobb-elektromos-fejbor-masszirozo-a-haj-novekedesehez\/#2_Apply_Scalp_Treatments\" >2: Alkalmazza a fejb\u0151rkezel\u00e9seket<\/a><\/li><li class='ez-toc-page-1 ez-toc-heading-level-3'><a class=\"ez-toc-link ez-toc-heading-8\" href=\"https:\/\/www.olayer.com\/hu\/legjobb-elektromos-fejbor-masszirozo-a-haj-novekedesehez\/#3_Work_in_Circular_Motions\" >3: K\u00f6rk\u00f6r\u00f6s mozg\u00e1sokban dolgozni<\/a><\/li><li class='ez-toc-page-1 ez-toc-heading-level-3'><a class=\"ez-toc-link ez-toc-heading-9\" href=\"https:\/\/www.olayer.com\/hu\/legjobb-elektromos-fejbor-masszirozo-a-haj-novekedesehez\/#4_Consistency_is_Key\" >4: A k\u00f6vetkezetess\u00e9g a kulcs<\/a><\/li><\/ul><\/li><li class='ez-toc-page-1 ez-toc-heading-level-2'><a class=\"ez-toc-link ez-toc-heading-10\" href=\"https:\/\/www.olayer.com\/hu\/legjobb-elektromos-fejbor-masszirozo-a-haj-novekedesehez\/#Complement_Your_Routine_with_Professional_Hair_Dryers\" >Eg\u00e9sz\u00edtse ki a rutinj\u00e1t professzion\u00e1lis hajsz\u00e1r\u00edt\u00f3kkal<\/a><\/li><li class='ez-toc-page-1 ez-toc-heading-level-2'><a class=\"ez-toc-link ez-toc-heading-11\" href=\"https:\/\/www.olayer.com\/hu\/legjobb-elektromos-fejbor-masszirozo-a-haj-novekedesehez\/#Rotating_Brush_Dryers_for_Effortless_Styling\" >Forg\u00f3 kefesz\u00e1r\u00edt\u00f3k a k\u00f6nnyed form\u00e1z\u00e1shoz<\/a><\/li><li class='ez-toc-page-1 ez-toc-heading-level-2'><a class=\"ez-toc-link ez-toc-heading-12\" href=\"https:\/\/www.olayer.com\/hu\/legjobb-elektromos-fejbor-masszirozo-a-haj-novekedesehez\/#Benefits_of_Rotating_Brush_Dryers\" >A forg\u00f3 kefesz\u00e1r\u00edt\u00f3k el\u0151nyei<\/a><ul class='ez-toc-list-level-3' ><li class='ez-toc-heading-level-3'><a class=\"ez-toc-link ez-toc-heading-13\" href=\"https:\/\/www.olayer.com\/hu\/legjobb-elektromos-fejbor-masszirozo-a-haj-novekedesehez\/#1_Time-Saving_Convenience\" >1: Id\u0151takar\u00e9kos k\u00e9nyelem<\/a><\/li><li class='ez-toc-page-1 ez-toc-heading-level-3'><a class=\"ez-toc-link ez-toc-heading-14\" href=\"https:\/\/www.olayer.com\/hu\/legjobb-elektromos-fejbor-masszirozo-a-haj-novekedesehez\/#2_Gentle_on_Hair\" >2: K\u00edm\u00e9letes a hajhoz<\/a><\/li><li class='ez-toc-page-1 ez-toc-heading-level-3'><a class=\"ez-toc-link ez-toc-heading-15\" href=\"https:\/\/www.olayer.com\/hu\/legjobb-elektromos-fejbor-masszirozo-a-haj-novekedesehez\/#3_Versatile_Styling_Options\" >3: Sokoldal\u00fa st\u00edluslehet\u0151s\u00e9gek<\/a><\/li><\/ul><\/li><li class='ez-toc-page-1 ez-toc-heading-level-2'><a class=\"ez-toc-link ez-toc-heading-16\" href=\"https:\/\/www.olayer.com\/hu\/legjobb-elektromos-fejbor-masszirozo-a-haj-novekedesehez\/#The_Role_of_Hairdressing_Tools_in_Haircare\" >A fodr\u00e1szati eszk\u00f6z\u00f6k szerepe a haj\u00e1pol\u00e1sban<\/a><ul class='ez-toc-list-level-3' ><li class='ez-toc-heading-level-3'><a class=\"ez-toc-link ez-toc-heading-17\" href=\"https:\/\/www.olayer.com\/hu\/legjobb-elektromos-fejbor-masszirozo-a-haj-novekedesehez\/#a_Flat_Irons_for_Perfectly_Straight_Hair\" >a) Vasal\u00f3 a t\u00f6k\u00e9letesen egyenes haj\u00e9rt<\/a><\/li><li class='ez-toc-page-1 ez-toc-heading-level-3'><a class=\"ez-toc-link ez-toc-heading-18\" href=\"https:\/\/www.olayer.com\/hu\/legjobb-elektromos-fejbor-masszirozo-a-haj-novekedesehez\/#b_Curling_Wands_for_Waves_and_Curls\" >b) G\u00f6nd\u00f6r\u00edt\u0151 p\u00e1lc\u00e1k a hull\u00e1mokhoz \u00e9s f\u00fcrt\u00f6kh\u00f6z<\/a><\/li><li class='ez-toc-page-1 ez-toc-heading-level-3'><a class=\"ez-toc-link ez-toc-heading-19\" href=\"https:\/\/www.olayer.com\/hu\/legjobb-elektromos-fejbor-masszirozo-a-haj-novekedesehez\/#c_Trimming_Tools_for_Maintenance\" >c) Karbantart\u00e1si trimmel\u0151 szersz\u00e1mok<\/a><\/li><\/ul><\/li><li class='ez-toc-page-1 ez-toc-heading-level-2'><a class=\"ez-toc-link ez-toc-heading-20\" href=\"https:\/\/www.olayer.com\/hu\/legjobb-elektromos-fejbor-masszirozo-a-haj-novekedesehez\/#Enhancing_Scalp_Health_with_Additional_Techniques\" >A fejb\u0151r eg\u00e9szs\u00e9g\u00e9nek jav\u00edt\u00e1sa tov\u00e1bbi technik\u00e1kkal<\/a><ul class='ez-toc-list-level-3' ><li class='ez-toc-heading-level-3'><a class=\"ez-toc-link ez-toc-heading-21\" href=\"https:\/\/www.olayer.com\/hu\/legjobb-elektromos-fejbor-masszirozo-a-haj-novekedesehez\/#Hot_Oil_Treatments\" >Forr\u00f3 olajos kezel\u00e9sek<\/a><\/li><li class='ez-toc-page-1 ez-toc-heading-level-3'><a class=\"ez-toc-link ez-toc-heading-22\" href=\"https:\/\/www.olayer.com\/hu\/legjobb-elektromos-fejbor-masszirozo-a-haj-novekedesehez\/#Exfoliation\" >H\u00e1mlaszt\u00e1s<\/a><\/li><\/ul><\/li><li class='ez-toc-page-1 ez-toc-heading-level-2'><a class=\"ez-toc-link ez-toc-heading-23\" href=\"https:\/\/www.olayer.com\/hu\/legjobb-elektromos-fejbor-masszirozo-a-haj-novekedesehez\/#Incorporating_Diet_and_Hydration\" >A di\u00e9ta \u00e9s a hidrat\u00e1l\u00e1s be\u00e9p\u00edt\u00e9se<\/a><ul class='ez-toc-list-level-3' ><li class='ez-toc-heading-level-3'><a class=\"ez-toc-link ez-toc-heading-24\" href=\"https:\/\/www.olayer.com\/hu\/legjobb-elektromos-fejbor-masszirozo-a-haj-novekedesehez\/#1_Important_Nutrients\" >1: Fontos t\u00e1panyagok<\/a><\/li><li class='ez-toc-page-1 ez-toc-heading-level-3'><a class=\"ez-toc-link ez-toc-heading-25\" href=\"https:\/\/www.olayer.com\/hu\/legjobb-elektromos-fejbor-masszirozo-a-haj-novekedesehez\/#2_Hydration\" >2: Hidrat\u00e1l\u00e1s<\/a><\/li><\/ul><\/li><li class='ez-toc-page-1 ez-toc-heading-level-2'><a class=\"ez-toc-link ez-toc-heading-26\" href=\"https:\/\/www.olayer.com\/hu\/legjobb-elektromos-fejbor-masszirozo-a-haj-novekedesehez\/#Best_Hair_Styling_Tools_for_Versatility\" >A legjobb hajform\u00e1z\u00f3 eszk\u00f6z\u00f6k a sokoldal\u00fas\u00e1g\u00e9rt<\/a><ul class='ez-toc-list-level-3' ><li class='ez-toc-heading-level-3'><a class=\"ez-toc-link ez-toc-heading-27\" href=\"https:\/\/www.olayer.com\/hu\/legjobb-elektromos-fejbor-masszirozo-a-haj-novekedesehez\/#Multi-Functional_Styling_Irons\" >T\u00f6bbfunkci\u00f3s hajs\u00fct\u0151vasak<\/a><\/li><li class='ez-toc-page-1 ez-toc-heading-level-3'><a class=\"ez-toc-link ez-toc-heading-28\" href=\"https:\/\/www.olayer.com\/hu\/legjobb-elektromos-fejbor-masszirozo-a-haj-novekedesehez\/#Blow-Dry_Brushes\" >F\u00faj\u00f3-sz\u00e1r\u00edt\u00f3 kef\u00e9k<\/a><\/li><\/ul><\/li><li class='ez-toc-page-1 ez-toc-heading-level-2'><a class=\"ez-toc-link ez-toc-heading-29\" href=\"https:\/\/www.olayer.com\/hu\/legjobb-elektromos-fejbor-masszirozo-a-haj-novekedesehez\/#Flat_Irons_and_Their_Importance_in_Haircare\" >Vasal\u00f3k \u00e9s fontoss\u00e1guk a haj\u00e1pol\u00e1sban<\/a><\/li><li class='ez-toc-page-1 ez-toc-heading-level-2'><a class=\"ez-toc-link ez-toc-heading-30\" href=\"https:\/\/www.olayer.com\/hu\/legjobb-elektromos-fejbor-masszirozo-a-haj-novekedesehez\/#Key_Features_to_Look_For\" >A legfontosabb jellemz\u0151k<\/a><\/li><li class='ez-toc-page-1 ez-toc-heading-level-2'><a class=\"ez-toc-link ez-toc-heading-31\" href=\"https:\/\/www.olayer.com\/hu\/legjobb-elektromos-fejbor-masszirozo-a-haj-novekedesehez\/#Incorporating_Scalp_Care_into_a_Holistic_Hair_Routine\" >A fejb\u0151r\u00e1pol\u00e1s be\u00e9p\u00edt\u00e9se a holisztikus hajrutinba<\/a><ul class='ez-toc-list-level-3' ><li class='ez-toc-heading-level-3'><a class=\"ez-toc-link ez-toc-heading-32\" href=\"https:\/\/www.olayer.com\/hu\/legjobb-elektromos-fejbor-masszirozo-a-haj-novekedesehez\/#Daily_Habits_for_Healthy_Hair\" >Napi szok\u00e1sok az eg\u00e9szs\u00e9ges haj\u00e9rt<\/a><\/li><li class='ez-toc-page-1 ez-toc-heading-level-3'><a class=\"ez-toc-link ez-toc-heading-33\" href=\"https:\/\/www.olayer.com\/hu\/legjobb-elektromos-fejbor-masszirozo-a-haj-novekedesehez\/#Monthly_Maintenance\" >Havi karbantart\u00e1s<\/a><\/li><\/ul><\/li><li class='ez-toc-page-1 ez-toc-heading-level-2'><a class=\"ez-toc-link ez-toc-heading-34\" href=\"https:\/\/www.olayer.com\/hu\/legjobb-elektromos-fejbor-masszirozo-a-haj-novekedesehez\/#Conclusion\" >K\u00f6vetkeztet\u00e9s<\/a><\/li><\/ul><\/nav><\/div>\n<h2><span class=\"ez-toc-section\" id=\"Why_Choose_an_Electric_Scalp_Massager_for_Hair_Growth\"><\/span><b>Mi\u00e9rt v\u00e1lasszon elektromos fejb\u0151rmassz\u00edroz\u00f3t a hajn\u00f6veked\u00e9shez?<\/b><span class=\"ez-toc-section-end\"><\/span><\/h2>\n<p><span style=\"font-weight: 400;\">Egy <\/span><b>elektromos fejb\u0151r massz\u00edroz\u00f3<\/b><span style=\"font-weight: 400;\"> nem csup\u00e1n a hajn\u00f6veked\u00e9sbe val\u00f3 befektet\u00e9s, hanem a fejb\u0151r eg\u00e9sz\u00e9nek \u00e1pol\u00e1sa is. A k\u00f6vetkez\u0151 okok r\u00e1mutatnak arra, hogy mi\u00e9rt kulcsfontoss\u00e1g\u00fa ez a k\u00e9sz\u00fcl\u00e9k:<\/span><\/p>\n<h3><span class=\"ez-toc-section\" id=\"a_Boosts_Hair_Follicle_Stimulation\"><\/span><b>a) Fokozza a hajhagym\u00e1k stimul\u00e1ci\u00f3j\u00e1t<\/b><span class=\"ez-toc-section-end\"><\/span><\/h3>\n<p><span style=\"font-weight: 400;\">Ha megfelel\u0151 ingereket kapnak, a sz\u0151rt\u00fcsz\u0151k kivir\u00e1gozhatnak. A massz\u00edroz\u00f3k seg\u00edtik ezt a tev\u00e9kenys\u00e9get a szunnyad\u00f3 hajhagym\u00e1k sz\u00e1m\u00e1ra, amelyek rezg\u0151 mozdulatokkal vagy gy\u00far\u00e1ssal \u00f6szt\u00f6nzik az eg\u00e9szs\u00e9ges hajsz\u00e1lak vastagabb \u00e9s teltebb sz\u00e1lainak kialakul\u00e1s\u00e1t.<\/span><\/p>\n<h3><span class=\"ez-toc-section\" id=\"b_Reduces_Dandruff_and_Flakiness\"><\/span><b>b) Cs\u00f6kkenti a korp\u00e1sod\u00e1st \u00e9s a h\u00e1ml\u00e1st<\/b><span class=\"ez-toc-section-end\"><\/span><\/h3>\n<p><span style=\"font-weight: 400;\">A korp\u00e1sod\u00e1s val\u00f3j\u00e1ban megakad\u00e1lyozza a haj n\u00f6veked\u00e9s\u00e9t, mivel a pelyhek elt\u00f6m\u00edtik a hajhagym\u00e1kat. A fejb\u0151r massz\u00edroz\u00f3k gyeng\u00e9d h\u00e1mlaszt\u00e1st biztos\u00edtanak, ahol a pelyhek \u00e9s az \u00f6sszes term\u00e9k felhalmoz\u00f3d\u00e1sa elt\u0171nik, \u00e9s tiszta \u00e9s eg\u00e9szs\u00e9ges lesz.<\/span><\/p>\n<h3><span class=\"ez-toc-section\" id=\"c_Improves_Mental_Well-Being\"><\/span><b>c) Jav\u00edtja a ment\u00e1lis j\u00f3l\u00e9tet<\/b><span class=\"ez-toc-section-end\"><\/span><\/h3>\n<p><span style=\"font-weight: 400;\">A hajhull\u00e1st sz\u00e1mos m\u00e1s t\u00e9nyez\u0151 is okozhatja, t\u00f6bbek k\u00f6z\u00f6tt a stressz. A fejb\u0151rmassz\u00e1zzsal j\u00e1r\u00f3 nyugalom cs\u00f6kkenti a fesz\u00fclts\u00e9get \u00e9s eg\u00e9szs\u00e9ges pszichol\u00f3giai felt\u00e9teleket biztos\u00edt, ami k\u00f6zvetve kedvez a hajsz\u00e1lak n\u00f6veked\u00e9s\u00e9nek.<\/span><\/p>\n<p><b>Tudjon meg t\u00f6bbet: <\/b><a href=\"https:\/\/www.olayer.com\/hu\/top-10-hajszarito-gyarto-a-vilagon\/\"><b>Top 10 hajsz\u00e1r\u00edt\u00f3 gy\u00e1rt\u00f3 a vil\u00e1gon<\/b><\/a><\/p>\n<h2><span class=\"ez-toc-section\" id=\"How_to_Use_an_Electric_Scalp_Massager_Effectively\"><\/span><b>Hogyan haszn\u00e1ljuk hat\u00e9konyan az elektromos fejb\u0151rmassz\u00edroz\u00f3t?<\/b><span class=\"ez-toc-section-end\"><\/span><\/h2>\n<p><span style=\"font-weight: 400;\">T\u00f6bbre lenne sz\u00fcks\u00e9g ahhoz, hogy valaki ne csak bekapcsol\u00f3djon \u00e9s \u00e1tfusson a fejb\u0151r\u00e9n, hanem arra is, hogy kihaszn\u00e1ljon egy <\/span><b>elektromos fejb\u0151r massz\u00edroz\u00f3<\/b><span style=\"font-weight: 400;\"> teljesen. A megfelel\u0151 technika \u00e9s a meghat\u00e1rozott rutin teljesen feloldja a haj n\u00f6veked\u00e9s\u00e9t \u00e9s a fejb\u0151r karbantart\u00e1s\u00e1t.<\/span><\/p>\n<p><img decoding=\"async\" class=\"lazyload alignnone size-full wp-image-5898\" src=\"https:\/\/www.olayer.com\/wp-content\/uploads\/2025\/01\/Electric-Scalp-Massager-manufacturer.jpg\" data-orig-src=\"https:\/\/www.olayer.com\/wp-content\/uploads\/2025\/01\/Electric-Scalp-Massager-manufacturer.jpg\" alt=\"Elektromos fejb\u0151r massz\u00edroz\u00f3 gy\u00e1rt\u00f3ja\" width=\"1293\" height=\"783\" title=\"\" srcset=\"data:image\/svg+xml,%3Csvg%20xmlns%3D%27http%3A%2F%2Fwww.w3.org%2F2000%2Fsvg%27%20width%3D%271293%27%20height%3D%27783%27%20viewBox%3D%270%200%201293%20783%27%3E%3Crect%20width%3D%271293%27%20height%3D%27783%27%20fill-opacity%3D%220%22%2F%3E%3C%2Fsvg%3E\" data-srcset=\"https:\/\/www.olayer.com\/wp-content\/uploads\/2025\/01\/Electric-Scalp-Massager-manufacturer-18x12.jpg 18w, https:\/\/www.olayer.com\/wp-content\/uploads\/2025\/01\/Electric-Scalp-Massager-manufacturer-200x121.jpg 200w, https:\/\/www.olayer.com\/wp-content\/uploads\/2025\/01\/Electric-Scalp-Massager-manufacturer-300x182.jpg 300w, https:\/\/www.olayer.com\/wp-content\/uploads\/2025\/01\/Electric-Scalp-Massager-manufacturer-400x242.jpg 400w, https:\/\/www.olayer.com\/wp-content\/uploads\/2025\/01\/Electric-Scalp-Massager-manufacturer-600x363.jpg 600w, https:\/\/www.olayer.com\/wp-content\/uploads\/2025\/01\/Electric-Scalp-Massager-manufacturer-768x465.jpg 768w, https:\/\/www.olayer.com\/wp-content\/uploads\/2025\/01\/Electric-Scalp-Massager-manufacturer-800x484.jpg 800w, https:\/\/www.olayer.com\/wp-content\/uploads\/2025\/01\/Electric-Scalp-Massager-manufacturer-1030x624.jpg 1030w, https:\/\/www.olayer.com\/wp-content\/uploads\/2025\/01\/Electric-Scalp-Massager-manufacturer-1200x727.jpg 1200w, https:\/\/www.olayer.com\/wp-content\/uploads\/2025\/01\/Electric-Scalp-Massager-manufacturer.jpg 1293w\" data-sizes=\"auto\" data-orig-sizes=\"(max-width: 1293px) 100vw, 1293px\" \/><\/p>\n<h3><span class=\"ez-toc-section\" id=\"1_Start_with_Clean_Hair\"><\/span><b>1: Kezdje tiszta hajjal<\/b><span class=\"ez-toc-section-end\"><\/span><\/h3>\n<p>&nbsp;<\/p>\n<p><span style=\"font-weight: 400;\">A tiszta haj \u00e9s fejb\u0151r seg\u00edt t\u00f6k\u00e9letes v\u00e1sznat teremteni a massz\u00edroz\u00f3nak, hogy munk\u00e1hoz l\u00e1thasson.<\/span><\/p>\n<ul>\n<li style=\"font-weight: 400;\" aria-level=\"1\"><b>Mossa meg a haj\u00e1t tiszt\u00e1n:<\/b><span style=\"font-weight: 400;\"> Egyszer\u0171en haszn\u00e1ljon enyhe sampont, hogy lebontsa a szennyez\u0151d\u00e9seket, a felesleges olajat \u00e9s a felhalmoz\u00f3dott term\u00e9keket, amelyek megakad\u00e1lyozz\u00e1k, hogy a massz\u00edroz\u00f3 rezg\u00e9sei el\u00e9rj\u00e9k a t\u00fcsz\u0151ket.<\/span><\/li>\n<li style=\"font-weight: 400;\" aria-level=\"1\"><b>Kondicion\u00e1lja a haj\u00e1t:<\/b><span style=\"font-weight: 400;\"> Haszn\u00e1ljon k\u00f6nny\u0171 kondicion\u00e1l\u00f3t, amely kibontja \u00e9s puh\u00e1v\u00e1 teszi a hajat, hogy ne kelljen r\u00e1ngatni vagy h\u00fazni a massz\u00e1zs sor\u00e1n.<\/span><\/li>\n<li style=\"font-weight: 400;\" aria-level=\"1\"><b>Alaposan sz\u00e1r\u00edtsa meg:<\/b><span style=\"font-weight: 400;\"> Ne alkalmazza a massz\u00edroz\u00f3t cs\u00f6p\u00f6g\u0151, nedves hajon. Ehelyett el\u0151sz\u00f6r t\u00f6r\u00f6lk\u00f6z\u0151vel t\u00f6r\u00f6lje sz\u00e1razra a haj\u00e1t, mert a felesleges v\u00edz megakad\u00e1lyozza, hogy a k\u00e9sz\u00fcl\u00e9k j\u00f3l siklik.<\/span><\/li>\n<\/ul>\n<h3><span class=\"ez-toc-section\" id=\"2_Apply_Scalp_Treatments\"><\/span><b>2: Alkalmazza a fejb\u0151rkezel\u00e9seket<\/b><span class=\"ez-toc-section-end\"><\/span><\/h3>\n<p><span style=\"font-weight: 400;\">A kezel\u00e9sek hidrat\u00e1lj\u00e1k \u00e9s sz\u00e1r\u00edtj\u00e1k a fejb\u0151rt, \u00edgy cs\u00f6kkentik a sz\u00e1razs\u00e1got, ez\u00e1ltal seg\u00edtik az eg\u00e9szs\u00e9ges l\u00e9gk\u00f6r kialakul\u00e1s\u00e1t a gy\u00f6kerekt\u0151l a haj n\u00f6veked\u00e9s\u00e9hez.<\/span><\/p>\n<ul>\n<li style=\"font-weight: 400;\" aria-level=\"1\"><b>Term\u00e9k opci\u00f3:<\/b> <b>A fejb\u0151r kezel\u00e9s\u00e9re szolg\u00e1l\u00f3 term\u00e9kek <\/b><span style=\"font-weight: 400;\">lehet olaj- vagy sz\u00e9rumalap\u00fa. \u00c9s a maroknyi \u00f6sszetev\u0151 k\u00f6z\u00fcl azok, amelyekr\u0151l ismert, hogy t\u00e1pl\u00e1l\u00f3, valamint stimul\u00e1l\u00f3 tulajdons\u00e1gokkal rendelkeznek, a k\u00f6vetkez\u0151k b\u00e1rmelyike: Arganolaj, teafaolaj vagy borsmentaolaj.<\/span><\/li>\n<li style=\"font-weight: 400;\" aria-level=\"1\"><b>Az olajat felmeleg\u00edtheti:<\/b><span style=\"font-weight: 400;\"> Az olaj felmeleg\u00edt\u00e9se lehet\u0151v\u00e9 teheti, hogy m\u00e9lyebben besziv\u00e1rogjon a fejb\u0151rbe. Tegyen n\u00e9h\u00e1nyat egyenesen a fejb\u0151r\u00e9be, \u00e9s finoman massz\u00edrozza be.<\/span><\/li>\n<li style=\"font-weight: 400;\" aria-level=\"1\"><b>A felsz\u00edv\u00f3d\u00e1s jav\u00edt\u00e1sa:<\/b><span style=\"font-weight: 400;\"> A massz\u00edroz\u00f3 egyenletesen eloszlatja a kezel\u00e9st, \u00e9s a jobb v\u00e9r\u00e1raml\u00e1s lehet\u0151v\u00e9 t\u00e9tel\u00e9vel n\u00f6veli a fejb\u0151r felsz\u00edv\u00f3d\u00e1s\u00e1t.<\/span><\/li>\n<\/ul>\n<h3><span class=\"ez-toc-section\" id=\"3_Work_in_Circular_Motions\"><\/span><b>3: K\u00f6rk\u00f6r\u00f6s mozg\u00e1sokban dolgozni<\/b><span class=\"ez-toc-section-end\"><\/span><\/h3>\n<p><span style=\"font-weight: 400;\">A k\u00f6rk\u00f6r\u00f6s mozdulatok szimul\u00e1lj\u00e1k az ujjak term\u00e9szetes gy\u00far\u00e1s\u00e1t, \u00edgy az ember egyszerre \u00e9rzi mag\u00e1t felfriss\u00fcltnek \u00e9s megnyugtatottnak.<\/span><\/p>\n<ul>\n<li style=\"font-weight: 400;\" aria-level=\"1\"><b>Haszn\u00e1ljon enyhe nyom\u00e1st:<\/b><span style=\"font-weight: 400;\"> legyen el\u00e9g gyeng\u00e9d ahhoz, hogy ne irrit\u00e1lja a fejb\u0151rt. Legyen enyh\u00e9n nyomkodja a fejb\u0151r\u00e9t, \u00e9s ne a fejb\u0151r\u00e9n, hogy ne irrit\u00e1lja.<\/span><\/li>\n<li style=\"font-weight: 400;\" aria-level=\"1\"><b>F\u00f3kusz\u00e1lt c\u00e9lter\u00fcletek:<\/b><span style=\"font-weight: 400;\"> vannak olyan ter\u00fcletek, amelyek ritk\u00edt\u00e1sra szorulnak, mint p\u00e9ld\u00e1ul a hajkorona \u00e9s a hal\u00e1nt\u00e9k a hajvonaln\u00e1l.<\/span><\/li>\n<li style=\"font-weight: 400;\" aria-level=\"1\"><b>Fejb\u0151rfed\u0151: <\/b><span style=\"font-weight: 400;\">L\u00e1tod, nem felt\u00e9tlen\u00fcl a fejkoron\u00e1t \u00e9s a f\u00fclek h\u00e1ts\u00f3 r\u00e9sz\u00e9n l\u00e9v\u0151 ter\u00fcleteket fedik le. A massz\u00edroz\u00f3j\u00e1nak teljes m\u00e9rt\u00e9kben le kell tudnia fednie a teljes fejb\u0151rter\u00fcletet, hogy megfelel\u0151 stimul\u00e1ci\u00f3t kapjon.<\/span><\/li>\n<li style=\"font-weight: 400;\" aria-level=\"1\"><b>Sebess\u00e9g be\u00e1ll\u00edt\u00e1sok:<\/b><span style=\"font-weight: 400;\"> N\u00e9h\u00e1ny <\/span><b>elektromos fejb\u0151r massz\u00edroz\u00f3k<\/b><span style=\"font-weight: 400;\"> k\u00fcl\u00f6nb\u00f6z\u0151 sebess\u00e9ggel rendelkeznek. A kezd\u0151k a legalacsonyabb sebess\u00e9ggel kezdhetik. Ahogy megszokj\u00e1k a g\u00e9pet, n\u00f6velj\u00e9k a fokozatot.<\/span><\/li>\n<\/ul>\n<h3><span class=\"ez-toc-section\" id=\"4_Consistency_is_Key\"><\/span><b>4: A k\u00f6vetkezetess\u00e9g a kulcs<\/b><span class=\"ez-toc-section-end\"><\/span><\/h3>\n<p><span style=\"font-weight: 400;\">Rendszeres haszn\u00e1lata eg\u00e9szs\u00e9ges t\u00fcsz\u0151kh\u00f6z \u00e9s fejb\u0151rh\u00f6z, jobb v\u00e9r\u00e1raml\u00e1shoz vezet, \u00e9s el\u00e9g egyszer\u0171 m\u00f3dja annak, hogy olyan hajat kapjon, amilyet szeretne.<\/span><\/p>\n<p><span style=\"font-weight: 400;\">A massz\u00edroz\u00f3t hetente legal\u00e1bb h\u00e1romszor kell haszn\u00e1lnia. Lehet\u0151leg v\u00e1ltakoz\u00f3 napokon, hogy megfelel\u0151en stimul\u00e1lja a fejb\u0151r\u00e9t. Tov\u00e1bb\u00e1 figyelemmel kell k\u00eds\u00e9rnie az id\u0151 m\u00fal\u00e1s\u00e1val bek\u00f6vetkez\u0151 v\u00e1ltoz\u00e1sokat a haj min\u0151s\u00e9g\u00e9t, a hajmennyis\u00e9get \u00e9s a fejb\u0151r \u00e1llapot\u00e1t illet\u0151en. Ez tartja a rutint.<\/span><\/p>\n<p><b>Tudjon meg t\u00f6bbet: <\/b><a href=\"https:\/\/www.olayer.com\/hu\/dyson-hajszarito-nagykereskedelmi-ara\/\"><b>Dyson hajsz\u00e1r\u00edt\u00f3 nagykereskedelmi \u00e1ra<\/b><\/a><\/p>\n<h2><span class=\"ez-toc-section\" id=\"Complement_Your_Routine_with_Professional_Hair_Dryers\"><\/span><b>Eg\u00e9sz\u00edtse ki a rutinj\u00e1t professzion\u00e1lis hajsz\u00e1r\u00edt\u00f3kkal<\/b><span class=\"ez-toc-section-end\"><\/span><\/h2>\n<p><span style=\"font-weight: 400;\">Az egyik a haj fejb\u0151r\u00e1pol\u00f3 berendez\u00e9seket haszn\u00e1ln\u00e1nk, hogy tekinthet\u0151 egy <\/span><b>professzion\u00e1lis hajsz\u00e1r\u00edt\u00f3<\/b><span style=\"font-weight: 400;\"> \u00e9s egy kiv\u00e1l\u00f3 min\u0151s\u00e9g\u0171 hajsz\u00e1r\u00edt\u00f3 biztosan m\u0171k\u00f6dik, hogy pontosan kisz\u00e1r\u00edtsa a hajat, \u00e9s ami fontos, hogy ne okozzon ilyen k\u00e1rokat, hogy a z\u00e1rak eg\u00e9szs\u00e9gesen n\u00e9zzenek ki.<\/span><\/p>\n<h2><span class=\"ez-toc-section\" id=\"Rotating_Brush_Dryers_for_Effortless_Styling\"><\/span><b>Forg\u00f3 kefesz\u00e1r\u00edt\u00f3k a k\u00f6nnyed form\u00e1z\u00e1shoz<\/b><span class=\"ez-toc-section-end\"><\/span><\/h2>\n<p><span style=\"font-weight: 400;\">Azok sz\u00e1m\u00e1ra, akiknek nincs kompetenci\u00e1juk a hajuk form\u00e1z\u00e1s\u00e1hoz, egy <\/span><b>forg\u00f3 kefesz\u00e1r\u00edt\u00f3<\/b><span style=\"font-weight: 400;\"> egyfajta megment\u0151. Gyakorlatilag a kefe \u00e9s a hajsz\u00e1r\u00edt\u00f3 minden felhaszn\u00e1l\u00e1si m\u00f3dj\u00e1t egy csap\u00e1sra mag\u00e1ba foglalja, \u00edgy a hajform\u00e1z\u00e1s sokkal kevesebb gondot okoz a sima vagy volumenes hat\u00e1s el\u00e9r\u00e9s\u00e9hez.<\/span><\/p>\n<h2><span class=\"ez-toc-section\" id=\"Benefits_of_Rotating_Brush_Dryers\"><\/span><b>A forg\u00f3 kefesz\u00e1r\u00edt\u00f3k el\u0151nyei<\/b><span class=\"ez-toc-section-end\"><\/span><\/h2>\n<h3><span class=\"ez-toc-section\" id=\"1_Time-Saving_Convenience\"><\/span><b>1: Id\u0151takar\u00e9kos k\u00e9nyelem<\/b><span class=\"ez-toc-section-end\"><\/span><\/h3>\n<p><span style=\"font-weight: 400;\">A <\/span><b>forg\u00f3 kefesz\u00e1r\u00edt\u00f3<\/b><span style=\"font-weight: 400;\"> egyszerre sz\u00e1r\u00edt \u00e9s stiliz\u00e1l; ez\u00e9rt az egy munkamenet alatt t\u00e9nylegesen elt\u00f6lt\u00f6tt id\u0151vel hatalmas id\u0151t takar\u00edt meg, amelyet egy\u00e9bk\u00e9nt t\u00f6bb munkamenet sor\u00e1n is el lehetne t\u00f6lteni, amelyet a hajsz\u00e1r\u00edt\u00e1shoz el\u0151sz\u00f6r sz\u00e1r\u00edt\u00e1ssal, majd b\u00e1rmilyen m\u00e1s styling k\u00e9sz\u00fcl\u00e9kkel haszn\u00e1l.<\/span><\/p>\n<h3><span class=\"ez-toc-section\" id=\"2_Gentle_on_Hair\"><\/span><b>2: K\u00edm\u00e9letes a hajhoz<\/b><span class=\"ez-toc-section-end\"><\/span><\/h3>\n<p><span style=\"font-weight: 400;\">Az ilyen hajsz\u00e1r\u00edt\u00f3k nagyon l\u00e1gyan forognak, ez\u00e9rt a puha \u00e9s t\u00f6r\u00e9keny haj\u00fa felhaszn\u00e1l\u00f3knak aj\u00e1nljuk \u0151ket. Egy k\u00f6z\u00f6ns\u00e9ges kefe mindig kih\u00fazza a hajsz\u00e1lakat, m\u00edg a forgat\u00e1s l\u00e1gyabban oldja \u00e9s form\u00e1zza a hajat.<\/span><\/p>\n<h3><span class=\"ez-toc-section\" id=\"3_Versatile_Styling_Options\"><\/span><b>3: Sokoldal\u00fa st\u00edluslehet\u0151s\u00e9gek<\/b><span class=\"ez-toc-section-end\"><\/span><\/h3>\n<p><span style=\"font-weight: 400;\">A forg\u00f3 kef\u00e9s hajsz\u00e1r\u00edt\u00f3 rendk\u00edv\u00fcl sokoldal\u00fa; b\u00e1rmilyen alkalomra sokf\u00e9le frizur\u00e1t k\u00edn\u00e1lhat, legyen az egyenes, eleg\u00e1ns az irod\u00e1ba vagy l\u00e1gy, ruganyos f\u00fcrt\u00f6k egy partira. Mindenre k\u00e9pes.<\/span><\/p>\n<p><img decoding=\"async\" class=\"lazyload size-full wp-image-5899 aligncenter\" src=\"https:\/\/www.olayer.com\/wp-content\/uploads\/2025\/01\/Electric-Scalp-Massager-wholesale.jpg\" data-orig-src=\"https:\/\/www.olayer.com\/wp-content\/uploads\/2025\/01\/Electric-Scalp-Massager-wholesale.jpg\" alt=\"Elektromos fejb\u0151r massz\u00edroz\u00f3 nagykereskedelem\" width=\"798\" height=\"892\" title=\"\" srcset=\"data:image\/svg+xml,%3Csvg%20xmlns%3D%27http%3A%2F%2Fwww.w3.org%2F2000%2Fsvg%27%20width%3D%27798%27%20height%3D%27892%27%20viewBox%3D%270%200%20798%20892%27%3E%3Crect%20width%3D%27798%27%20height%3D%27892%27%20fill-opacity%3D%220%22%2F%3E%3C%2Fsvg%3E\" data-srcset=\"https:\/\/www.olayer.com\/wp-content\/uploads\/2025\/01\/Electric-Scalp-Massager-wholesale-11x12.jpg 11w, https:\/\/www.olayer.com\/wp-content\/uploads\/2025\/01\/Electric-Scalp-Massager-wholesale-200x224.jpg 200w, https:\/\/www.olayer.com\/wp-content\/uploads\/2025\/01\/Electric-Scalp-Massager-wholesale-268x300.jpg 268w, https:\/\/www.olayer.com\/wp-content\/uploads\/2025\/01\/Electric-Scalp-Massager-wholesale-400x447.jpg 400w, https:\/\/www.olayer.com\/wp-content\/uploads\/2025\/01\/Electric-Scalp-Massager-wholesale-600x671.jpg 600w, https:\/\/www.olayer.com\/wp-content\/uploads\/2025\/01\/Electric-Scalp-Massager-wholesale-768x858.jpg 768w, https:\/\/www.olayer.com\/wp-content\/uploads\/2025\/01\/Electric-Scalp-Massager-wholesale.jpg 798w\" data-sizes=\"auto\" data-orig-sizes=\"(max-width: 798px) 100vw, 798px\" \/><\/p>\n<h2><span class=\"ez-toc-section\" id=\"The_Role_of_Hairdressing_Tools_in_Haircare\"><\/span><b>A fodr\u00e1szati eszk\u00f6z\u00f6k szerepe a haj\u00e1pol\u00e1sban<\/b><span class=\"ez-toc-section-end\"><\/span><\/h2>\n<p><span style=\"font-weight: 400;\">A komoly \u00e1pol\u00e1s sok <\/span><b>professzion\u00e1lis felszerel\u00e9s a haj<\/b><span style=\"font-weight: 400;\">. F\u00fcggetlen\u00fcl att\u00f3l, hogy ez a berendez\u00e9s az oll\u00f3 vagy a forr\u00f3 vasal\u00f3, ami a minden m\u00f6g\u00f6tt rejlik, precizit\u00e1st \u00e9s gondos kezel\u00e9st jelent az ember haj\u00e1nak minden l\u00e9p\u00e9se sor\u00e1n.<\/span><\/p>\n<h3><span class=\"ez-toc-section\" id=\"a_Flat_Irons_for_Perfectly_Straight_Hair\"><\/span><b>a) Vasal\u00f3 a t\u00f6k\u00e9letesen egyenes haj\u00e9rt<\/b><span class=\"ez-toc-section-end\"><\/span><\/h3>\n<p><span style=\"font-weight: 400;\">Ami a vasal\u00f3k beruh\u00e1z\u00e1s\u00e1t illeti, min\u0151s\u00e9gi term\u00e9keket kap adott \u00e1ron. Ezek a vasal\u00f3k egyenletes h\u0151eloszl\u00e1st biztos\u00edtanak, ami azt jelenti, hogy sima, g\u00f6nd\u00f6r\u00f6d\u00e9smentes kimenetekkel rendelkezik.<\/span><\/p>\n<h3><span class=\"ez-toc-section\" id=\"b_Curling_Wands_for_Waves_and_Curls\"><\/span><b>b) G\u00f6nd\u00f6r\u00edt\u0151 p\u00e1lc\u00e1k a hull\u00e1mokhoz \u00e9s f\u00fcrt\u00f6kh\u00f6z<\/b><span class=\"ez-toc-section-end\"><\/span><\/h3>\n<p><span style=\"font-weight: 400;\">Ezek a g\u00f6nd\u00f6r\u00edt\u0151 p\u00e1lc\u00e1k j\u00f3l j\u00f6nnek, ha valaki szereti a k\u00fcl\u00f6nb\u00f6z\u0151 megjelen\u00e9sekkel val\u00f3 j\u00e1t\u00e9k sokoldal\u00fas\u00e1g\u00e1t. A laza tengerparti hull\u00e1mokt\u00f3l a feszes kis gy\u0171r\u0171kig, a lehet\u0151s\u00e9gek ezzel az eszk\u00f6zzel hat\u00e1rtalannak t\u0171nnek.<\/span><\/p>\n<h3><span class=\"ez-toc-section\" id=\"c_Trimming_Tools_for_Maintenance\"><\/span><b>c) Karbantart\u00e1si trimmel\u0151 szersz\u00e1mok<\/b><span class=\"ez-toc-section-end\"><\/span><\/h3>\n<p><span style=\"font-weight: 400;\">A rendszeres v\u00e1g\u00e1s seg\u00edt megel\u0151zni a t\u00f6redezett hajv\u00e9geket. Az \u00e9les, professzion\u00e1lis min\u0151s\u00e9g\u0171 oll\u00f3 mindig k\u00f6nny\u0171 v\u00e1g\u00e1st biztos\u00edt.<\/span><\/p>\n<h2><span class=\"ez-toc-section\" id=\"Enhancing_Scalp_Health_with_Additional_Techniques\"><\/span><b>A fejb\u0151r eg\u00e9szs\u00e9g\u00e9nek jav\u00edt\u00e1sa tov\u00e1bbi technik\u00e1kkal<\/b><span class=\"ez-toc-section-end\"><\/span><\/h2>\n<p><span style=\"font-weight: 400;\">B\u00e1r a fejb\u0151rmassz\u00edroz\u00f3k k\u00fcl\u00f6n-k\u00fcl\u00f6n is nagyon hat\u00e9konyak, haszn\u00e1latuk m\u00e1s kieg\u00e9sz\u00edt\u0151 ter\u00e1pi\u00e1kkal egy\u00fctt jelent\u0151sen n\u00f6velheti az al\u00e1bbi el\u0151ny\u00f6ket <\/span><b>fejb\u0151r massz\u00e1zs sokszoros<\/b><span style=\"font-weight: 400;\">. A holisztikus kezel\u00e9sek garant\u00e1lj\u00e1k, hogy fejb\u0151re megkapja mindazt, ami a norm\u00e1lis m\u0171k\u00f6d\u00e9s\u00e9hez sz\u00fcks\u00e9ges, \u00edgy biztos\u00edtva a haj eg\u00e9szs\u00e9ges n\u00f6veked\u00e9s\u00e9t. A k\u00f6vetkez\u0151 tov\u00e1bbi technik\u00e1k m\u00e9g ink\u00e1bb jav\u00edtj\u00e1k fejb\u0151r\u00e9nek eg\u00e9szs\u00e9g\u00e9t:<\/span><\/p>\n<h3><span class=\"ez-toc-section\" id=\"Hot_Oil_Treatments\"><\/span><b>Forr\u00f3 olajos kezel\u00e9sek<\/b><span class=\"ez-toc-section-end\"><\/span><\/h3>\n<p><span style=\"font-weight: 400;\">Az egyik bev\u00e1lt kezel\u00e9s a meleg fejb\u0151r \u00e9s a haj meleg olajokkal t\u00f6rt\u00e9n\u0151 kezel\u00e9s\u00e9b\u0151l sz\u00e1rmaz\u00f3 meleg fejb\u0151r \u00e9s haj. Az olyan olajok, mint a k\u00f3kusz, a jojoba \u00e9s az arg\u00e1nolaj meleg\u00edt\u00e9se jav\u00edtja a fejb\u0151rbe \u00e9s a hajsz\u00e1lakba val\u00f3 behatol\u00e1si k\u00e9pess\u00e9g\u00fcket is. Lesz hidrat\u00e1l\u00e1s \u00e9s t\u00e1pl\u00e1l\u00e1s is.<\/span><\/p>\n<h3><span class=\"ez-toc-section\" id=\"Exfoliation\"><\/span><b>H\u00e1mlaszt\u00e1s<\/b><span class=\"ez-toc-section-end\"><\/span><\/h3>\n<p><span style=\"font-weight: 400;\">H\u00e1mlasztja a fejb\u0151rt az elhalt sejtek, a felesleges faggy\u00fa \u00e9s m\u00e1s term\u00e9kek elt\u00e1vol\u00edt\u00e1sa \u00e9rdek\u00e9ben, amelyek elt\u00f6m\u00edtik a hajhagym\u00e1kat \u00e9s g\u00e1tolj\u00e1k a haj n\u00f6veked\u00e9s\u00e9t.<\/span><\/p>\n<p><b>Tudjon meg t\u00f6bbet: <\/b><a href=\"https:\/\/www.olayer.com\/hu\/hajszarito-gyarto\/\"><b>Hajsz\u00e1r\u00edt\u00f3 gy\u00e1rt\u00f3ja<\/b><\/a><\/p>\n<h2><span class=\"ez-toc-section\" id=\"Incorporating_Diet_and_Hydration\"><\/span><b>A di\u00e9ta \u00e9s a hidrat\u00e1l\u00e1s be\u00e9p\u00edt\u00e9se<\/b><span class=\"ez-toc-section-end\"><\/span><\/h2>\n<p><span style=\"font-weight: 400;\">Az eg\u00e9szs\u00e9ges haj a szervezetben kezd\u0151dik, \u00e9s az \u00e9trend \u00e1ltal\u00e1ban nagy szerepet j\u00e1tszik a fejb\u0151r \u00e9s a haj n\u00f6veked\u00e9s\u00e9hez sz\u00fcks\u00e9ges eg\u00e9szs\u00e9ges haj meg\u0151rz\u00e9s\u00e9ben.<\/span><\/p>\n<h3><span class=\"ez-toc-section\" id=\"1_Important_Nutrients\"><\/span><b>1: Fontos t\u00e1panyagok<\/b><span class=\"ez-toc-section-end\"><\/span><\/h3>\n<ul>\n<li style=\"font-weight: 400;\" aria-level=\"1\"><b>Biotin:<\/b><span style=\"font-weight: 400;\"> A toj\u00e1sban, di\u00f3f\u00e9l\u00e9kben \u00e9s magvakban tal\u00e1lhat\u00f3, \u00e9s er\u0151t ad a hajnak, \u00edgy az nem ritkul el.<\/span><\/li>\n<li style=\"font-weight: 400;\" aria-level=\"1\"><b>Omega-3 zs\u00edrsavak<\/b><span style=\"font-weight: 400;\">, amelyek a zs\u00edros halakban, a di\u00f3ban \u00e9s a lenmagban tal\u00e1lhat\u00f3k, hidrat\u00e1lj\u00e1k a fejb\u0151rt \u00e9s cs\u00f6kkentik a gyullad\u00e1st.<\/span><\/li>\n<li style=\"font-weight: 400;\" aria-level=\"1\"><b>Cink \u00e9s vas:<\/b><span style=\"font-weight: 400;\"> Ezen \u00e1sv\u00e1nyi anyagok hi\u00e1nya hajhull\u00e1st okoz. \u00c9p\u00edtsen be \u00e9trendj\u00e9be nagy mennyis\u00e9g\u0171 leveles z\u00f6lds\u00e9get, babot \u00e9s egy\u00e9b nem zs\u00edros h\u00fasf\u00e9l\u00e9ket.<\/span><\/li>\n<li style=\"font-weight: 400;\" aria-level=\"1\"><b>D-vitamin:<\/b><span style=\"font-weight: 400;\"> Seg\u00edt a sz\u0151rt\u00fcsz\u0151 n\u00f6veked\u00e9si ciklus\u00e1ban. Forr\u00e1sai k\u00f6z\u00e9 tartozik a napoz\u00e1s, a d\u00fas\u00edtott tej \u00e9s a hal.<\/span><\/li>\n<\/ul>\n<h3><span class=\"ez-toc-section\" id=\"2_Hydration\"><\/span><b>2: Hidrat\u00e1l\u00e1s<\/b><span class=\"ez-toc-section-end\"><\/span><\/h3>\n<ul>\n<li style=\"font-weight: 400;\" aria-level=\"1\"><span style=\"font-weight: 400;\">Hidrat\u00e1lja a fejb\u0151rt legal\u00e1bb napi 8-10 poh\u00e1r v\u00edz fogyaszt\u00e1s\u00e1val. Ha dehidrat\u00e1lt, a fejb\u0151r sz\u00e1raz \u00e9s h\u00e1ml\u00f3 lesz, a haj pedig t\u00f6r\u00e9keny.<\/span><\/li>\n<li style=\"font-weight: 400;\" aria-level=\"1\"><span style=\"font-weight: 400;\">Hidrat\u00e1l\u00f3 \u00e9telek az uborka, a g\u00f6r\u00f6gdinnye \u00e9s a citrusf\u00e9l\u00e9k.<\/span><\/li>\n<\/ul>\n<h2><span class=\"ez-toc-section\" id=\"Best_Hair_Styling_Tools_for_Versatility\"><\/span><b>A legjobb hajform\u00e1z\u00f3 eszk\u00f6z\u00f6k a sokoldal\u00fas\u00e1g\u00e9rt<\/b><span class=\"ez-toc-section-end\"><\/span><\/h2>\n<p><span style=\"font-weight: 400;\">Befektet\u00e9s a <\/span><a href=\"https:\/\/www.ncoa.org\/adviser\/hair-loss\/best-scalp-massager\/\" target=\"_blank\" rel=\"noopener\"><b>legjobb elektromos fejb\u0151r massz\u00edroz\u00f3 a haj n\u00f6veked\u00e9s\u00e9hez<\/b><\/a><span style=\"font-weight: 400;\"> nem csak a hajn\u00f6veked\u00e9sr\u0151l sz\u00f3l, hanem a hajform\u00e1z\u00e1s is v\u00e9di azt, mik\u00f6zben lehet\u0151v\u00e9 teszi, hogy el\u00e9rje a k\u00edv\u00e1nt st\u00edlust.<\/span><\/p>\n<h3><span class=\"ez-toc-section\" id=\"Multi-Functional_Styling_Irons\"><\/span><b>T\u00f6bbfunkci\u00f3s hajs\u00fct\u0151vasak<\/b><span class=\"ez-toc-section-end\"><\/span><\/h3>\n<p><span style=\"font-weight: 400;\">St\u00edlusa egy k\u00e9sz\u00fcl\u00e9kben egyenes, g\u00f6nd\u00f6r vagy hull\u00e1mos, a fajt\u00e1t\u00f3l f\u00fcgg\u0151en. Ebben az esetben min\u00e9l t\u00f6bb, ann\u00e1l jobb. A ker\u00e1mia vagy turmalin lemezek biztos\u00edtj\u00e1k, hogy a h\u0151terhel\u00e9s a f\u00fcrtjeidnek minim\u00e1lis legyen.<\/span><\/p>\n<h3><span class=\"ez-toc-section\" id=\"Blow-Dry_Brushes\"><\/span><b>F\u00faj\u00f3-sz\u00e1r\u00edt\u00f3 kef\u00e9k<\/b><span class=\"ez-toc-section-end\"><\/span><\/h3>\n<p><span style=\"font-weight: 400;\">Ezek azok az eszk\u00f6z\u00f6k, amelyek \u00f6tv\u00f6zik a f\u00faj\u00e1si lehet\u0151s\u00e9get a kerek ecset st\u00edlusk\u00e9pess\u00e9geivel. T\u00f6k\u00e9letesen alkalmasak a haj t\u00e9rfogat\u00e1nak n\u00f6vel\u00e9s\u00e9re \u00e9s a haj megfelel\u0151 rugalmass\u00e1g\u00e1nak biztos\u00edt\u00e1s\u00e1ra.<\/span><\/p>\n<p><img decoding=\"async\" class=\"lazyload alignnone size-full wp-image-5900\" src=\"https:\/\/www.olayer.com\/wp-content\/uploads\/2025\/01\/Electric-Scalp-Massager-company.jpg\" data-orig-src=\"https:\/\/www.olayer.com\/wp-content\/uploads\/2025\/01\/Electric-Scalp-Massager-company.jpg\" alt=\"Elektromos fejb\u0151r massz\u00edroz\u00f3 c\u00e9g\" width=\"1288\" height=\"781\" title=\"\" srcset=\"data:image\/svg+xml,%3Csvg%20xmlns%3D%27http%3A%2F%2Fwww.w3.org%2F2000%2Fsvg%27%20width%3D%271288%27%20height%3D%27781%27%20viewBox%3D%270%200%201288%20781%27%3E%3Crect%20width%3D%271288%27%20height%3D%27781%27%20fill-opacity%3D%220%22%2F%3E%3C%2Fsvg%3E\" data-srcset=\"https:\/\/www.olayer.com\/wp-content\/uploads\/2025\/01\/Electric-Scalp-Massager-company-18x12.jpg 18w, https:\/\/www.olayer.com\/wp-content\/uploads\/2025\/01\/Electric-Scalp-Massager-company-200x121.jpg 200w, https:\/\/www.olayer.com\/wp-content\/uploads\/2025\/01\/Electric-Scalp-Massager-company-300x182.jpg 300w, https:\/\/www.olayer.com\/wp-content\/uploads\/2025\/01\/Electric-Scalp-Massager-company-400x243.jpg 400w, https:\/\/www.olayer.com\/wp-content\/uploads\/2025\/01\/Electric-Scalp-Massager-company-600x364.jpg 600w, https:\/\/www.olayer.com\/wp-content\/uploads\/2025\/01\/Electric-Scalp-Massager-company-768x466.jpg 768w, https:\/\/www.olayer.com\/wp-content\/uploads\/2025\/01\/Electric-Scalp-Massager-company-800x485.jpg 800w, https:\/\/www.olayer.com\/wp-content\/uploads\/2025\/01\/Electric-Scalp-Massager-company-1030x625.jpg 1030w, https:\/\/www.olayer.com\/wp-content\/uploads\/2025\/01\/Electric-Scalp-Massager-company-1200x728.jpg 1200w, https:\/\/www.olayer.com\/wp-content\/uploads\/2025\/01\/Electric-Scalp-Massager-company.jpg 1288w\" data-sizes=\"auto\" data-orig-sizes=\"(max-width: 1288px) 100vw, 1288px\" \/><\/p>\n<h2><span class=\"ez-toc-section\" id=\"Flat_Irons_and_Their_Importance_in_Haircare\"><\/span><b>Vasal\u00f3k \u00e9s fontoss\u00e1guk a haj\u00e1pol\u00e1sban<\/b><span class=\"ez-toc-section-end\"><\/span><\/h2>\n<p><span style=\"font-weight: 400;\">T\u00f6bb\u00e9-kev\u00e9sb\u00e9 a hajvasal\u00f3k \u00e9s k\u00fcl\u00f6n\u00f6sen a nagykereskedelemben kaphat\u00f3 hajvasal\u00f3k n\u00e9lk\u00fcl\u00f6zhetetlenek a hajform\u00e1z\u00e1shoz \u00e9s vasal\u00e1shoz.<\/span><\/p>\n<h2><span class=\"ez-toc-section\" id=\"Key_Features_to_Look_For\"><\/span><b>A legfontosabb jellemz\u0151k<\/b><span class=\"ez-toc-section-end\"><\/span><\/h2>\n<ul>\n<li style=\"font-weight: 400;\" aria-level=\"1\"><b>H\u0151m\u00e9rs\u00e9klet:<\/b><span style=\"font-weight: 400;\"> nem k\u00e1ros\u00edtja a hajat.<\/span><\/li>\n<li style=\"font-weight: 400;\" aria-level=\"1\"><b>Lemez anyaga:<\/b><span style=\"font-weight: 400;\"> Ker\u00e1mia \u00e9s tit\u00e1n, amelyek sima mozg\u00e1st biztos\u00edtanak \u00e9s egyenletesen elosztj\u00e1k az \u00f6sszes alkalmazott h\u0151t.<\/span><\/li>\n<li style=\"font-weight: 400;\" aria-level=\"1\"><b>Kompakt kialak\u00edt\u00e1s:<\/b><span style=\"font-weight: 400;\"> Ide\u00e1lis utaz\u00e1shoz \u00e9s \u00fatk\u00f6zbeni jav\u00edt\u00e1sokhoz.<\/span><\/li>\n<\/ul>\n<h2><span class=\"ez-toc-section\" id=\"Incorporating_Scalp_Care_into_a_Holistic_Hair_Routine\"><\/span><b>A fejb\u0151r\u00e1pol\u00e1s be\u00e9p\u00edt\u00e9se a holisztikus hajrutinba<\/b><span class=\"ez-toc-section-end\"><\/span><\/h2>\n<p><span style=\"font-weight: 400;\">A fejb\u0151r\u00e1pol\u00e1s a nagy kirak\u00f3s egyik apr\u00f3 darabja. Mag\u00e1ban foglalja a megfelel\u0151 term\u00e9kek helyes haszn\u00e1lat\u00e1t, az eg\u00e9szs\u00e9ges \u00e9letm\u00f3dot \u00e9s a j\u00f3 min\u0151s\u00e9g\u0171 eszk\u00f6z\u00f6ket, mint p\u00e9ld\u00e1ul a legjobb fejb\u0151r\u00e1pol\u00f3t.<\/span><b> elektromos fejb\u0151rmassz\u00edroz\u00f3 a haj n\u00f6veked\u00e9s\u00e9hez.<\/b><\/p>\n<h3><span class=\"ez-toc-section\" id=\"Daily_Habits_for_Healthy_Hair\"><\/span><b>Napi szok\u00e1sok az eg\u00e9szs\u00e9ges haj\u00e9rt<\/b><span class=\"ez-toc-section-end\"><\/span><\/h3>\n<ul>\n<li style=\"font-weight: 400;\" aria-level=\"1\"><span style=\"font-weight: 400;\">Ker\u00fclje a t\u00falzott hajmos\u00e1st. A haj t\u00falzott mos\u00e1sa elt\u00e1vol\u00edtja a fejb\u0151r term\u00e9szetes olajait.<\/span><\/li>\n<li style=\"font-weight: 400;\" aria-level=\"1\"><span style=\"font-weight: 400;\">Ne felejtsd el az SPF-t tartalmaz\u00f3 balzsamokat, hogy megv\u00e9dd a hajat az UV \u00e9s egy\u00e9b k\u00f6rnyezeti \u00e1rtalmakt\u00f3l.<\/span><\/li>\n<\/ul>\n<h3><span class=\"ez-toc-section\" id=\"Monthly_Maintenance\"><\/span><b>Havi karbantart\u00e1s<\/b><span class=\"ez-toc-section-end\"><\/span><\/h3>\n<ul>\n<li style=\"font-weight: 400;\" aria-level=\"1\"><span style=\"font-weight: 400;\">Havonta egyszer m\u00e9lykondicion\u00e1l\u00f3 kezel\u00e9seket v\u00e9gez, hogy rehidrat\u00e1lja \u00e9s helyrehozza az okozott k\u00e1rokat.<\/span><\/li>\n<li style=\"font-weight: 400;\" aria-level=\"1\"><span style=\"font-weight: 400;\">Rendszeres trimmel\u00e9ssel rendelkezne, \u00e9s ez megakad\u00e1lyozn\u00e1 a v\u00e9gek felhasad\u00e1s\u00e1t vagy alakj\u00e1nak elveszt\u00e9s\u00e9t.<\/span><\/li>\n<\/ul>\n<h2><span class=\"ez-toc-section\" id=\"Conclusion\"><\/span><b>K\u00f6vetkeztet\u00e9s<\/b><span class=\"ez-toc-section-end\"><\/span><\/h2>\n<p><span style=\"font-weight: 400;\">A fejb\u0151r gondoskodik az eg\u00e9szs\u00e9gesebb \u00e9s er\u0151sebb haj fel\u00e9 vezet\u0151 \u00fat kezdet\u00e9nek jel\u00f6l\u00e9s\u00e9r\u0151l. B\u00e1rmely j\u00f3 elektromos fejb\u0151rmassz\u00edroz\u00f3 sz\u00e1mos el\u0151nnyel j\u00e1r a jobb v\u00e9rkering\u00e9st\u0151l kezdve a stressz enyh\u00edt\u00e9s\u00e9ig, de ezt hat\u00e9konyabban lehetne m\u00e1s kieg\u00e9sz\u00edt\u0151 eszk\u00f6z\u00f6kkel, p\u00e9ld\u00e1ul professzion\u00e1lis hajsz\u00e1r\u00edt\u00f3kkal, forg\u00f3 kef\u00e9s hajsz\u00e1r\u00edt\u00f3kkal \u00e9s hajvasal\u00f3kkal egy\u00fctt haszn\u00e1lni, b\u00e1rmilyen haj\u00e1pol\u00e1si c\u00e9l \u00e9rdek\u00e9ben.<\/span><\/p>\n<p><span style=\"font-weight: 400;\">Befektet\u00e9s a <\/span><b>legjobb elektromos fejb\u0151r massz\u00edroz\u00f3 a haj n\u00f6veked\u00e9s\u00e9hez<\/b><span style=\"font-weight: 400;\"> lehet\u0151v\u00e9 teszi, hogy megfigyelhesse haj\u00e1nak hatalmas v\u00e1ltoz\u00e1s\u00e1t, hogy azz\u00e1 v\u00e1ljon, aminek lennie kell.<\/span><\/p>","protected":false},"excerpt":{"rendered":"<p>The starting point for a healthy, lush mane begins from  [&#8230;]<\/p>\n","protected":false},"author":1,"featured_media":5897,"comment_status":"closed","ping_status":"closed","sticky":false,"template":"","format":"standard","meta":{"footnotes":""},"categories":[40],"tags":[1153],"class_list":["post-5892","post","type-post","status-publish","format-standard","has-post-thumbnail","hentry","category-hair-straightener-brush","tag-electric-scalp-massager"],"_links":{"self":[{"href":"https:\/\/www.olayer.com\/hu\/wp-json\/wp\/v2\/posts\/5892","targetHints":{"allow":["GET"]}}],"collection":[{"href":"https:\/\/www.olayer.com\/hu\/wp-json\/wp\/v2\/posts"}],"about":[{"href":"https:\/\/www.olayer.com\/hu\/wp-json\/wp\/v2\/types\/post"}],"author":[{"embeddable":true,"href":"https:\/\/www.olayer.com\/hu\/wp-json\/wp\/v2\/users\/1"}],"replies":[{"embeddable":true,"href":"https:\/\/www.olayer.com\/hu\/wp-json\/wp\/v2\/comments?post=5892"}],"version-history":[{"count":0,"href":"https:\/\/www.olayer.com\/hu\/wp-json\/wp\/v2\/posts\/5892\/revisions"}],"wp:featuredmedia":[{"embeddable":true,"href":"https:\/\/www.olayer.com\/hu\/wp-json\/wp\/v2\/media\/5897"}],"wp:attachment":[{"href":"https:\/\/www.olayer.com\/hu\/wp-json\/wp\/v2\/media?parent=5892"}],"wp:term":[{"taxonomy":"category","embeddable":true,"href":"https:\/\/www.olayer.com\/hu\/wp-json\/wp\/v2\/categories?post=5892"},{"taxonomy":"post_tag","embeddable":true,"href":"https:\/\/www.olayer.com\/hu\/wp-json\/wp\/v2\/tags?post=5892"}],"curies":[{"name":"wp","href":"https:\/\/api.w.org\/{rel}","templated":true}]}}