{"id":5683,"date":"2023-06-28T07:09:14","date_gmt":"2023-06-28T07:09:14","guid":{"rendered":"https:\/\/www.olayer.com\/?p=5683"},"modified":"2023-10-22T02:04:47","modified_gmt":"2023-10-22T02:04:47","slug":"hajszarito-forgalmazo","status":"publish","type":"post","link":"https:\/\/www.olayer.com\/hu\/hajszarito-forgalmazo\/","title":{"rendered":"Hajsz\u00e1r\u00edt\u00f3 forgalmaz\u00f3"},"content":{"rendered":"<div id=\"ez-toc-container\" class=\"ez-toc-v2_0_82_2 counter-hierarchy ez-toc-counter ez-toc-grey ez-toc-container-direction\">\n<div class=\"ez-toc-title-container\">\n<p class=\"ez-toc-title\" style=\"cursor:inherit\">Tartalomjegyz\u00e9k<\/p>\n<span class=\"ez-toc-title-toggle\"><a href=\"#\" class=\"ez-toc-pull-right ez-toc-btn ez-toc-btn-xs ez-toc-btn-default ez-toc-toggle\" aria-label=\"Toggle Tartalomjegyz\u00e9k\"><span class=\"ez-toc-js-icon-con\"><span class=\"\"><span class=\"eztoc-hide\" style=\"display:none;\">Toggle<\/span><span class=\"ez-toc-icon-toggle-span\"><svg style=\"fill: #999;color:#999\" xmlns=\"http:\/\/www.w3.org\/2000\/svg\" class=\"list-377408\" width=\"20px\" height=\"20px\" viewbox=\"0 0 24 24\" fill=\"none\"><path d=\"M6 6H4v2h2V6zm14 0H8v2h12V6zM4 11h2v2H4v-2zm16 0H8v2h12v-2zM4 16h2v2H4v-2zm16 0H8v2h12v-2z\" fill=\"currentColor\"><\/path><\/svg><svg style=\"fill: #999;color:#999\" class=\"arrow-unsorted-368013\" xmlns=\"http:\/\/www.w3.org\/2000\/svg\" width=\"10px\" height=\"10px\" viewbox=\"0 0 24 24\" version=\"1.2\" baseprofile=\"tiny\"><path d=\"M18.2 9.3l-6.2-6.3-6.2 6.3c-.2.2-.3.4-.3.7s.1.5.3.7c.2.2.4.3.7.3h11c.3 0 .5-.1.7-.3.2-.2.3-.5.3-.7s-.1-.5-.3-.7zM5.8 14.7l6.2 6.3 6.2-6.3c.2-.2.3-.5.3-.7s-.1-.5-.3-.7c-.2-.2-.4-.3-.7-.3h-11c-.3 0-.5.1-.7.3-.2.2-.3.5-.3.7s.1.5.3.7z\"\/><\/svg><\/span><\/span><\/span><\/a><\/span><\/div>\n<nav><ul class='ez-toc-list ez-toc-list-level-1' ><li class='ez-toc-page-1 ez-toc-heading-level-1'><a class=\"ez-toc-link ez-toc-heading-1\" href=\"https:\/\/www.olayer.com\/hu\/hajszarito-forgalmazo\/#Hair_Dryer_Distributor_Navigating_the_Beauty_Industry_with_Style\" >Hajsz\u00e1r\u00edt\u00f3 forgalmaz\u00f3: St\u00edlusosan navig\u00e1lni a sz\u00e9ps\u00e9giparban<\/a><ul class='ez-toc-list-level-2' ><li class='ez-toc-heading-level-2'><a class=\"ez-toc-link ez-toc-heading-2\" href=\"https:\/\/www.olayer.com\/hu\/hajszarito-forgalmazo\/#I_Overview_of_the_Hair_Dryer_Distributor_Market\" >I. A hajsz\u00e1r\u00edt\u00f3 forgalmaz\u00f3i piac \u00e1ttekint\u00e9se<\/a><ul class='ez-toc-list-level-3' ><li class='ez-toc-heading-level-3'><a class=\"ez-toc-link ez-toc-heading-3\" href=\"https:\/\/www.olayer.com\/hu\/hajszarito-forgalmazo\/#II_Role_and_Responsibilities_of_a_Hair_Dryer_Distributor\" >II. A hajsz\u00e1r\u00edt\u00f3 forgalmaz\u00f3 szerepe \u00e9s feladatai<\/a><\/li><li class='ez-toc-page-1 ez-toc-heading-level-3'><a class=\"ez-toc-link ez-toc-heading-4\" href=\"https:\/\/www.olayer.com\/hu\/hajszarito-forgalmazo\/#III_Finding_Hair_Dryer_Manufacturers\" >III. Hajsz\u00e1r\u00edt\u00f3 gy\u00e1rt\u00f3k megtal\u00e1l\u00e1sa<\/a><\/li><li class='ez-toc-page-1 ez-toc-heading-level-3'><a class=\"ez-toc-link ez-toc-heading-5\" href=\"https:\/\/www.olayer.com\/hu\/hajszarito-forgalmazo\/#IV_Establishing_Distribution_Channels\" >IV. Forgalmaz\u00e1si csatorn\u00e1k l\u00e9trehoz\u00e1sa<\/a><\/li><li class='ez-toc-page-1 ez-toc-heading-level-3'><a class=\"ez-toc-link ez-toc-heading-6\" href=\"https:\/\/www.olayer.com\/hu\/hajszarito-forgalmazo\/#V_Marketing_and_Promoting_Hair_Dryer_Products\" >V. Hajsz\u00e1r\u00edt\u00f3 term\u00e9kek marketingje \u00e9s prom\u00f3ci\u00f3ja<\/a><\/li><li class='ez-toc-page-1 ez-toc-heading-level-3'><a class=\"ez-toc-link ez-toc-heading-7\" href=\"https:\/\/www.olayer.com\/hu\/hajszarito-forgalmazo\/#VI_Challenges_and_Solutions_for_Hair_Dryer_Distributors\" >VI. Kih\u00edv\u00e1sok \u00e9s megold\u00e1sok a hajsz\u00e1r\u00edt\u00f3 forgalmaz\u00f3k sz\u00e1m\u00e1ra<\/a><ul class='ez-toc-list-level-4' ><li class='ez-toc-heading-level-4'><a class=\"ez-toc-link ez-toc-heading-8\" href=\"https:\/\/www.olayer.com\/hu\/hajszarito-forgalmazo\/#Conclusion\" >K\u00f6vetkeztet\u00e9s<\/a><\/li><\/ul><\/li><\/ul><\/li><\/ul><\/li><\/ul><\/nav><\/div>\n<h1><span class=\"ez-toc-section\" id=\"Hair_Dryer_Distributor_Navigating_the_Beauty_Industry_with_Style\"><\/span>Hajsz\u00e1r\u00edt\u00f3 forgalmaz\u00f3: St\u00edlusosan navig\u00e1lni a sz\u00e9ps\u00e9giparban<span class=\"ez-toc-section-end\"><\/span><\/h1>\n<p><a href=\"https:\/\/www.olayer.com\/hu\/hajszarito-forgalmazo\/\"><em><strong>Hajsz\u00e1r\u00edt\u00f3 forgalmaz\u00f3<\/strong><\/em><\/a> olyan v\u00e1llalat vagy szervezet, amely hajsz\u00e1r\u00edt\u00f3 term\u00e9kek forgalmaz\u00e1s\u00e1ra \u00e9s sz\u00e1ll\u00edt\u00e1s\u00e1ra szakosodott a kiskeresked\u0151k, nagykeresked\u0151k \u00e9s a sz\u00e9ps\u00e9giparon bel\u00fcli egy\u00e9b v\u00e1llalkoz\u00e1sok sz\u00e1m\u00e1ra. A hajsz\u00e1r\u00edt\u00f3 forgalmaz\u00f3k k\u00f6zvet\u00edt\u0151k\u00e9nt m\u0171k\u00f6dnek a hajsz\u00e1r\u00edt\u00f3 gy\u00e1rt\u00f3k \u00e9s a v\u00e9gfelhaszn\u00e1l\u00f3k k\u00f6z\u00f6tt. Els\u0151dleges szerep\u00fck az, hogy biztos\u00edts\u00e1k a hajsz\u00e1r\u00edt\u00f3k hat\u00e9kony \u00e9s id\u0151ben t\u00f6rt\u00e9n\u0151 sz\u00e1ll\u00edt\u00e1s\u00e1t a gy\u00e1rt\u00f3kt\u00f3l a kiskereskedelmi \u00fczletekbe vagy k\u00f6zvetlen\u00fcl a fogyaszt\u00f3khoz.<\/p>\n<p>A hajsz\u00e1r\u00edt\u00f3 forgalmaz\u00f3k \u00e1ltal\u00e1ban partners\u00e9get k\u00f6tnek a gy\u00e1rt\u00f3kkal, hogy biztos\u00edts\u00e1k a hajsz\u00e1r\u00edt\u00f3 term\u00e9kek folyamatos ell\u00e1t\u00e1s\u00e1t. \u0150k kezelik a term\u00e9kek logisztik\u00e1j\u00e1t, rakt\u00e1roz\u00e1s\u00e1t \u00e9s sz\u00e1ll\u00edt\u00e1s\u00e1t, biztos\u00edtva, hogy a term\u00e9kek sz\u00fcks\u00e9g eset\u00e9n a kiskeresked\u0151k \u00e9s a v\u00e1s\u00e1rl\u00f3k rendelkez\u00e9s\u00e9re \u00e1lljanak \u00e9s el\u00e9rhet\u0151k legyenek.<\/p>\n<p>A forgalmaz\u00f3k l\u00e9tfontoss\u00e1g\u00fa szerepet j\u00e1tszanak az ell\u00e1t\u00e1si l\u00e1ncban a k\u00e9szletgazd\u00e1lkod\u00e1ssal, a rendel\u00e9sek teljes\u00edt\u00e9si folyamatainak optimaliz\u00e1l\u00e1s\u00e1val, valamint a gy\u00e1rt\u00f3kkal \u00e9s kiskeresked\u0151kkel val\u00f3 kapcsolattart\u00e1ssal. Gyakran r\u00e9szt vesznek marketing- \u00e9s prom\u00f3ci\u00f3s tev\u00e9kenys\u00e9gekben, hogy megismertess\u00e9k a hajsz\u00e1r\u00edt\u00f3 term\u00e9keiket, n\u00f6velj\u00e9k az elad\u00e1sokat \u00e9s b\u0151v\u00edts\u00e9k piaci el\u00e9r\u00e9s\u00fcket.<\/p>\n<h2><span class=\"ez-toc-section\" id=\"I_Overview_of_the_Hair_Dryer_Distributor_Market\"><\/span>I. A hajsz\u00e1r\u00edt\u00f3 forgalmaz\u00f3i piac \u00e1ttekint\u00e9se<span class=\"ez-toc-section-end\"><\/span><\/h2>\n<p>A hajsz\u00e1r\u00edt\u00f3k piaca jelent\u0151s n\u00f6veked\u00e9st mutat, amelyet a fejl\u0151d\u0151 divatir\u00e1nyzatok \u00e9s a szem\u00e9lyes \u00e1pol\u00e1ssal kapcsolatos tudatoss\u00e1g n\u00f6veked\u00e9se t\u00e1pl\u00e1l. Mivel a fogyaszt\u00f3k innovat\u00edv \u00e9s hat\u00e9kony hajform\u00e1z\u00f3 eszk\u00f6z\u00f6ket keresnek, a hajsz\u00e1r\u00edt\u00f3k ir\u00e1nti kereslet tov\u00e1bb n\u0151. Ez a felfel\u00e9 \u00edvel\u0151 p\u00e1lya hatalmas lehet\u0151s\u00e9geket k\u00edn\u00e1l a hajsz\u00e1r\u00edt\u00f3 forgalmaz\u00f3k sz\u00e1m\u00e1ra, hogy megcsapolj\u00e1k ezt a b\u0151v\u00fcl\u0151 piacot. A sikerhez elengedhetetlen a jelenlegi piaci trendek meg\u00e9rt\u00e9se \u00e9s a verseny felm\u00e9r\u00e9se.<\/p>\n<div id=\"attachment_5630\" style=\"width: 1376px\" class=\"wp-caption aligncenter\"><img decoding=\"async\" aria-describedby=\"caption-attachment-5630\" class=\"lazyload size-full wp-image-5630\" src=\"https:\/\/www.olayer.com\/wp-content\/uploads\/2022\/12\/brushless-hair-dryer.jpg\" data-orig-src=\"https:\/\/www.olayer.com\/wp-content\/uploads\/2022\/12\/brushless-hair-dryer.jpg\" alt=\"hajsz\u00e1r\u00edt\u00f3 forgalmaz\u00f3\" width=\"1366\" height=\"768\" title=\"\" srcset=\"data:image\/svg+xml,%3Csvg%20xmlns%3D%27http%3A%2F%2Fwww.w3.org%2F2000%2Fsvg%27%20width%3D%271366%27%20height%3D%27768%27%20viewBox%3D%270%200%201366%20768%27%3E%3Crect%20width%3D%271366%27%20height%3D%27768%27%20fill-opacity%3D%220%22%2F%3E%3C%2Fsvg%3E\" data-srcset=\"https:\/\/www.olayer.com\/wp-content\/uploads\/2022\/12\/brushless-hair-dryer-200x112.jpg 200w, https:\/\/www.olayer.com\/wp-content\/uploads\/2022\/12\/brushless-hair-dryer-300x169.jpg 300w, https:\/\/www.olayer.com\/wp-content\/uploads\/2022\/12\/brushless-hair-dryer-400x225.jpg 400w, https:\/\/www.olayer.com\/wp-content\/uploads\/2022\/12\/brushless-hair-dryer-600x337.jpg 600w, https:\/\/www.olayer.com\/wp-content\/uploads\/2022\/12\/brushless-hair-dryer-768x432.jpg 768w, https:\/\/www.olayer.com\/wp-content\/uploads\/2022\/12\/brushless-hair-dryer-800x450.jpg 800w, https:\/\/www.olayer.com\/wp-content\/uploads\/2022\/12\/brushless-hair-dryer-1030x579.jpg 1030w, https:\/\/www.olayer.com\/wp-content\/uploads\/2022\/12\/brushless-hair-dryer-1200x675.jpg 1200w, https:\/\/www.olayer.com\/wp-content\/uploads\/2022\/12\/brushless-hair-dryer.jpg 1366w\" data-sizes=\"auto\" data-orig-sizes=\"(max-width: 1366px) 100vw, 1366px\" \/><p id=\"caption-attachment-5630\" class=\"wp-caption-text\">kefe n\u00e9lk\u00fcli hajsz\u00e1r\u00edt\u00f3<\/p><\/div>\n<h3><span class=\"ez-toc-section\" id=\"II_Role_and_Responsibilities_of_a_Hair_Dryer_Distributor\"><\/span>II. A hajsz\u00e1r\u00edt\u00f3 forgalmaz\u00f3 szerepe \u00e9s feladatai<span class=\"ez-toc-section-end\"><\/span><\/h3>\n<p>A hajsz\u00e1r\u00edt\u00f3 forgalmaz\u00f3 l\u00e9tfontoss\u00e1g\u00fa l\u00e1ncszemk\u00e9nt m\u0171k\u00f6dik az ell\u00e1t\u00e1si l\u00e1ncban, biztos\u00edtva a hajsz\u00e1r\u00edt\u00f3 term\u00e9kek z\u00f6kken\u0151mentes \u00e1raml\u00e1s\u00e1t a gy\u00e1rt\u00f3kt\u00f3l a kiskeresked\u0151kh\u00f6z \u00e9s a v\u00e9gfelhaszn\u00e1l\u00f3khoz. Ez a szakasz kiemeli a forgalmaz\u00f3 legfontosabb feladatait, bele\u00e9rtve az ell\u00e1t\u00e1si l\u00e1nc ir\u00e1ny\u00edt\u00e1s\u00e1t, a logisztik\u00e1t, a kapcsolat\u00e9p\u00edt\u00e9st \u00e9s a marketinget.<\/p>\n<p>Az ell\u00e1t\u00e1si l\u00e1nc ir\u00e1ny\u00edt\u00e1sa mag\u00e1ban foglalja a hajsz\u00e1r\u00edt\u00f3k mozg\u00e1s\u00e1nak koordin\u00e1l\u00e1s\u00e1t a gy\u00e1rt\u00f3\u00fczemekt\u0151l az eloszt\u00f3k\u00f6zpontokig \u00e9s v\u00e9g\u00fcl a kiskereskedelmi \u00fczletekig. A forgalmaz\u00f3knak hat\u00e9kony sz\u00e1ll\u00edt\u00e1st, rakt\u00e1roz\u00e1st \u00e9s k\u00e9szletgazd\u00e1lkod\u00e1st kell biztos\u00edtaniuk a kiskeresked\u0151k \u00e9s a v\u00e1s\u00e1rl\u00f3k ig\u00e9nyeinek kiel\u00e9g\u00edt\u00e9se \u00e9rdek\u00e9ben.<\/p>\n<p>A gy\u00e1rt\u00f3kkal val\u00f3 szoros kapcsolatok ki\u00e9p\u00edt\u00e9se elengedhetetlen a megb\u00edzhat\u00f3 \u00e9s kiv\u00e1l\u00f3 min\u0151s\u00e9g\u0171 hajsz\u00e1r\u00edt\u00f3 term\u00e9kek biztos\u00edt\u00e1s\u00e1hoz. A forgalmaz\u00f3k t\u00e1rgyalnak a felt\u00e9telekr\u0151l, \u00e9rt\u00e9kelik a term\u00e9kek min\u0151s\u00e9g\u00e9t, \u00e9s ellen\u0151rzik az ipar\u00e1gi el\u0151\u00edr\u00e1soknak val\u00f3 megfelel\u00e9st. Ezeknek a kapcsolatoknak a fenntart\u00e1sa el\u0151seg\u00edti a hossz\u00fa t\u00e1v\u00fa partners\u00e9get \u00e9s jav\u00edtja a forgalmaz\u00f3 h\u00edrnev\u00e9t.<\/p>\n<p>A marketing \u00e9s a prom\u00f3ci\u00f3 l\u00e9tfontoss\u00e1g\u00fa szerepet j\u00e1tszik a m\u00e1rkaismerts\u00e9g megteremt\u00e9s\u00e9ben \u00e9s az \u00e9rt\u00e9kes\u00edt\u00e9s \u00f6szt\u00f6nz\u00e9s\u00e9ben. A hajsz\u00e1r\u00edt\u00f3 forgalmaz\u00f3k olyan marketingstrat\u00e9gi\u00e1kat dolgoznak ki, amelyek kiemelik term\u00e9keik egyedi jellemz\u0151it \u00e9s el\u0151nyeit. A hat\u00e9kony prom\u00f3ci\u00f3 mag\u00e1ban foglalja a meggy\u0151z\u0151 term\u00e9kle\u00edr\u00e1sokat, a vizu\u00e1lisan vonz\u00f3 k\u00e9pi anyagokat, valamint az online platformok \u00e9s a k\u00f6z\u00f6ss\u00e9gi m\u00e9diacsatorn\u00e1k kihaszn\u00e1l\u00e1s\u00e1t a sz\u00e9lesebb k\u00f6z\u00f6ns\u00e9g el\u00e9r\u00e9se \u00e9rdek\u00e9ben.<\/p>\n<h3><span class=\"ez-toc-section\" id=\"III_Finding_Hair_Dryer_Manufacturers\"><\/span>III. Hajsz\u00e1r\u00edt\u00f3 gy\u00e1rt\u00f3k megtal\u00e1l\u00e1sa<span class=\"ez-toc-section-end\"><\/span><\/h3>\n<p>A hajsz\u00e1r\u00edt\u00f3gy\u00e1rt\u00f3k megtal\u00e1l\u00e1sa sor\u00e1n elengedhetetlen az alapos kutat\u00e1s \u00e9s a gondos \u00e9rt\u00e9kel\u00e9s. \u00cdme n\u00e9h\u00e1ny l\u00e9p\u00e9s, amely seg\u00edt a j\u00f3 h\u00edr\u0171 gy\u00e1rt\u00f3k azonos\u00edt\u00e1s\u00e1ban:<\/p>\n<ol>\n<li>Ipari sz\u00f6vets\u00e9gek \u00e9s ki\u00e1ll\u00edt\u00e1sok: A sz\u00e9ps\u00e9g- \u00e9s test\u00e1pol\u00e1si term\u00e9keknek szentelt ipari sz\u00f6vets\u00e9gek \u00e9s szakki\u00e1ll\u00edt\u00e1sok nagyszer\u0171 forr\u00e1sok a j\u00f3 h\u00edr\u0171 hajsz\u00e1r\u00edt\u00f3gy\u00e1rt\u00f3k megtal\u00e1l\u00e1s\u00e1ra. Vegyen r\u00e9szt olyan szakki\u00e1ll\u00edt\u00e1sokon \u00e9s ki\u00e1ll\u00edt\u00e1sokon, ahol a gy\u00e1rt\u00f3k bemutatj\u00e1k term\u00e9keiket, h\u00e1l\u00f3zatba l\u00e9phetnek az ipar\u00e1gi szakemberekkel, \u00e9s inform\u00e1ci\u00f3kat gy\u0171jthetnek a potenci\u00e1lis besz\u00e1ll\u00edt\u00f3kr\u00f3l.<\/li>\n<li>Online k\u00f6nyvt\u00e1rak \u00e9s B2B platformok: Haszn\u00e1lja ki az online c\u00edmt\u00e1rakat \u00e9s a gy\u00e1rt\u00f3k \u00e9s forgalmaz\u00f3k \u00f6sszekapcsol\u00e1s\u00e1ra szakosodott v\u00e1llalkoz\u00e1sok k\u00f6z\u00f6tti (B2B) platformokat. Az olyan webhelyek, mint az Alibaba, a Global Sources \u00e9s a Thomasnet sz\u00e9les k\u00f6r\u0171 adatb\u00e1zisokat biztos\u00edtanak a k\u00fcl\u00f6nb\u00f6z\u0151 r\u00e9gi\u00f3k gy\u00e1rt\u00f3ir\u00f3l. Sz\u0171k\u00edtse le a keres\u00e9st a hajsz\u00e1r\u00edt\u00f3gy\u00e1rt\u00f3k megad\u00e1s\u00e1val, \u00e9s \u00e9rt\u00e9kelje profiljukat, term\u00e9kportf\u00f3li\u00f3jukat \u00e9s v\u00e1s\u00e1rl\u00f3i v\u00e9lem\u00e9ny\u00fcket.<\/li>\n<li>Aj\u00e1nl\u00e1sok \u00e9s aj\u00e1nl\u00e1sok: Keressen aj\u00e1nl\u00e1sokat olyan ipar\u00e1gi koll\u00e9g\u00e1kt\u00f3l, forgalmaz\u00f3kt\u00f3l vagy kiskeresked\u0151kt\u0151l, akiknek van tapasztalatuk a hajsz\u00e1r\u00edt\u00f3 piac\u00e1n. A szem\u00e9lyes aj\u00e1nl\u00e1sok \u00e9rt\u00e9kes betekint\u00e9st ny\u00fajthatnak, \u00e9s seg\u00edthetnek azonos\u00edtani azokat a gy\u00e1rt\u00f3kat, akik bizony\u00edtottan kiv\u00e1l\u00f3 min\u0151s\u00e9g\u0171 term\u00e9keket sz\u00e1ll\u00edtanak.<\/li>\n<li>Kutat\u00e1s \u00e9s h\u00e1tt\u00e9rellen\u0151rz\u00e9s: V\u00e9gezzen m\u00e9lyrehat\u00f3 kutat\u00e1st a potenci\u00e1lis gy\u00e1rt\u00f3kr\u00f3l. L\u00e1togasson el a honlapjaikra, hogy megismerje a v\u00e1llalat t\u00f6rt\u00e9net\u00e9t, gy\u00e1rt\u00e1si k\u00e9pess\u00e9geit, tan\u00fas\u00edtv\u00e1nyait \u00e9s term\u00e9kv\u00e1laszt\u00e9k\u00e1t. Keressen olyan aj\u00e1nl\u00e1sokat vagy esettanulm\u00e1nyokat, amelyek kiemelik szak\u00e9rtelm\u00fcket \u00e9s a min\u0151s\u00e9g ir\u00e1nti elk\u00f6telezetts\u00e9g\u00fcket. Gy\u0151z\u0151dj\u00f6n meg arr\u00f3l, hogy a gy\u00e1rt\u00f3 megfelel az ipar\u00e1gi el\u0151\u00edr\u00e1soknak \u00e9s szabv\u00e1nyoknak.<\/li>\n<li>Kommunik\u00e1ci\u00f3 \u00e9s kutat\u00e1s: Vegye fel a kapcsolatot k\u00f6zvetlen\u00fcl a gy\u00e1rt\u00f3kkal, hogy besz\u00e9lget\u00e9st kezdem\u00e9nyezzen. \u00c9rdekl\u0151dj\u00f6n a gy\u00e1rt\u00e1si folyamatukr\u00f3l, a min\u0151s\u00e9gellen\u0151rz\u00e9si int\u00e9zked\u00e9sekr\u0151l, a testreszab\u00e1si lehet\u0151s\u00e9gekr\u0151l \u00e9s az \u00e1rstrukt\u00far\u00e1r\u00f3l. K\u00e9rjen mint\u00e1kat vagy term\u00e9kkatal\u00f3gusokat, hogy felm\u00e9rje hajsz\u00e1r\u00edt\u00f3ik min\u0151s\u00e9g\u00e9t \u00e9s kialak\u00edt\u00e1s\u00e1t. Az egy\u00e9rtelm\u0171 kommunik\u00e1ci\u00f3 \u00e9s a gyors v\u00e1laszok megb\u00edzhat\u00f3 gy\u00e1rt\u00f3t jeleznek.<\/li>\n<li>Min\u0151s\u00e9gi \u00e9rt\u00e9kel\u00e9s: \u00c9rt\u00e9kelje a potenci\u00e1lis gy\u00e1rt\u00f3k \u00e1ltal k\u00edn\u00e1lt hajsz\u00e1r\u00edt\u00f3k min\u0151s\u00e9g\u00e9t. Keresse az olyan jellemz\u0151ket, mint a teljes\u00edtm\u00e9ny, a h\u0151fokbe\u00e1ll\u00edt\u00e1sok, a l\u00e9g\u00e1raml\u00e1s szab\u00e1lyoz\u00e1sa \u00e9s a tart\u00f3ss\u00e1g. Ellen\u0151rizze, hogy a term\u00e9kek megfelelnek-e a biztons\u00e1gi el\u0151\u00edr\u00e1soknak, \u00e9s rendelkeznek-e a sz\u00fcks\u00e9ges tan\u00fas\u00edtv\u00e1nyokkal. Ha lehets\u00e9ges, l\u00e1togasson el a gy\u00e1rt\u00f3 l\u00e9tes\u00edtm\u00e9ny\u00e9be, hogy ellen\u0151rizze a gy\u00e1rt\u00e1si folyamatot, \u00e9s biztos\u00edtsa a min\u0151s\u00e9gi el\u0151\u00edr\u00e1sok betart\u00e1s\u00e1t.<\/li>\n<li>T\u00e1rgyal\u00e1s \u00e9s meg\u00e1llapod\u00e1s: Ha megtal\u00e1lta a megfelel\u0151 gy\u00e1rt\u00f3t, t\u00e1rgyaljon az \u00d6n \u00fczleti k\u00f6vetelm\u00e9nyeinek megfelel\u0151 felt\u00e9telekr\u0151l. Besz\u00e9lje meg az \u00e1rk\u00e9pz\u00e9st, a minim\u00e1lis rendel\u00e9si mennyis\u00e9geket, a sz\u00e1ll\u00edt\u00e1si \u00fctemtervet \u00e9s a fizet\u00e9si felt\u00e9teleket. A j\u00f3l meghat\u00e1rozott forgalmaz\u00e1si meg\u00e1llapod\u00e1snak tartalmaznia kell a felel\u0151ss\u00e9gi k\u00f6r\u00f6ket, a garanci\u00e1kat \u00e9s a szellemi tulajdonjogokat.<\/li>\n<\/ol>\n<p>Ne feledje, a megfelel\u0151 <a href=\"https:\/\/www.olayer.com\/hu\/porcelan-hajszarito-gyartok\/\">hajsz\u00e1r\u00edt\u00f3 gy\u00e1rt\u00f3k<\/a> kulcsfontoss\u00e1g\u00fa a kiv\u00e1l\u00f3 min\u0151s\u00e9g\u0171 hajsz\u00e1r\u00edt\u00f3k folyamatos k\u00edn\u00e1lat\u00e1nak fenntart\u00e1s\u00e1hoz. Alapos kutat\u00e1ssal, k\u00e9pess\u00e9geik \u00e9rt\u00e9kel\u00e9s\u00e9vel \u00e9s hat\u00e9kony kommunik\u00e1ci\u00f3val er\u0151s partners\u00e9get alak\u00edthat ki olyan gy\u00e1rt\u00f3kkal, amelyek megfelelnek \u00fczleti ig\u00e9nyeinek \u00e9s kiv\u00e9teles term\u00e9keket sz\u00e1ll\u00edtanak.<\/p>\n<h3><span class=\"ez-toc-section\" id=\"IV_Establishing_Distribution_Channels\"><\/span>IV. Forgalmaz\u00e1si csatorn\u00e1k l\u00e9trehoz\u00e1sa<span class=\"ez-toc-section-end\"><\/span><\/h3>\n<p>A hajsz\u00e1r\u00edt\u00f3 forgalmaz\u00f3k sz\u00e1m\u00e1ra kulcsfontoss\u00e1g\u00fa a hat\u00e9kony \u00e9rt\u00e9kes\u00edt\u00e9si csatorn\u00e1k kialak\u00edt\u00e1sa, hogy biztos\u00edts\u00e1k a term\u00e9kek z\u00f6kken\u0151mentes \u00e1raml\u00e1s\u00e1t a gy\u00e1rt\u00f3kt\u00f3l a kiskeresked\u0151kh\u00f6z \u00e9s a v\u00e9gfelhaszn\u00e1l\u00f3khoz. \u00cdme n\u00e9h\u00e1ny l\u00e9p\u00e9s, amely seg\u00edt \u00d6nnek a megb\u00edzhat\u00f3 forgalmaz\u00e1si csatorn\u00e1k kialak\u00edt\u00e1s\u00e1ban:<\/p>\n<ol>\n<li>Potenci\u00e1lis kiskereskedelmi partnerek azonos\u00edt\u00e1sa: Kutassa fel \u00e9s azonos\u00edtsa azokat a potenci\u00e1lis kiskereskedelmi partnereket, amelyek megfelelnek a c\u00e9lpiac\u00e1nak \u00e9s a forgalmaz\u00e1si c\u00e9ljainak. Vegye figyelembe az olyan t\u00e9nyez\u0151ket, mint a v\u00e1s\u00e1rl\u00f3i b\u00e1zisuk, f\u00f6ldrajzi el\u00e9r\u00e9s\u00fck \u00e9s a m\u00e1rk\u00e1hoz val\u00f3 igazod\u00e1suk. Keressen olyan kiskeresked\u0151ket, akik m\u00e1r forgalmaznak hajsz\u00e1r\u00edt\u00f3 term\u00e9keket, vagy olyanokat, akik a test\u00e1pol\u00e1si \u00e9s sz\u00e9ps\u00e9g\u00e1pol\u00e1si term\u00e9kek ir\u00e1nt \u00e9rdekl\u0151d\u0151 \u00fcgyfeleket szolg\u00e1lj\u00e1k ki.<\/li>\n<li>\u00c9p\u00edtsen kapcsolatokat: Keresse meg a potenci\u00e1lis kiskereskedelmi partnereket, \u00e9s kezdem\u00e9nyezzen besz\u00e9lget\u00e9seket a kapcsolatok ki\u00e9p\u00edt\u00e9se \u00e9rdek\u00e9ben. Vegyen r\u00e9szt ipar\u00e1gi rendezv\u00e9nyeken, szakki\u00e1ll\u00edt\u00e1sokon \u00e9s h\u00e1l\u00f3zat\u00e9p\u00edt\u00e9si lehet\u0151s\u00e9geken, hogy kapcsolatot teremtsen a kiskeresked\u0151kkel. Emelje ki az \u00d6n \u00e1ltal forgalmaz\u00f3k\u00e9nt ny\u00fajtott \u00e9rt\u00e9keket, p\u00e9ld\u00e1ul a term\u00e9kportf\u00f3li\u00f3j\u00e1t, a megb\u00edzhat\u00f3 ell\u00e1t\u00e1si l\u00e1ncot \u00e9s a marketingt\u00e1mogat\u00e1st. Koncentr\u00e1ljon a bizalom ki\u00e9p\u00edt\u00e9s\u00e9re \u00e9s a hajsz\u00e1r\u00edt\u00f3-piacon szerzett szak\u00e9rtelm\u00e9nek bemutat\u00e1s\u00e1ra.<\/li>\n<li>Forgalmaz\u00e1si meg\u00e1llapod\u00e1sok kidolgoz\u00e1sa: Miut\u00e1n azonos\u00edtotta az \u00e9rdekelt kiskereskedelmi partnereket, dolgozzon ki olyan forgalmaz\u00e1si meg\u00e1llapod\u00e1sokat vagy szerz\u0151d\u00e9seket, amelyek meghat\u00e1rozz\u00e1k a partners\u00e9g felt\u00e9teleit. Tartalmazza az olyan r\u00e9szleteket, mint az \u00e1rk\u00e9pz\u00e9s, a fizet\u00e9si felt\u00e9telek, a rendel\u00e9si mennyis\u00e9gek, a sz\u00e1ll\u00edt\u00e1si \u00fctemterv \u00e9s adott esetben a term\u00e9kkiz\u00e1r\u00f3lagoss\u00e1g. Gy\u0151z\u0151dj\u00f6n meg arr\u00f3l, hogy a meg\u00e1llapod\u00e1s mindk\u00e9t f\u00e9l \u00e9rdekeit v\u00e9di, \u00e9s el\u0151seg\u00edti a k\u00f6lcs\u00f6n\u00f6sen el\u0151ny\u00f6s kapcsolatot.<\/li>\n<li>K\u00e9szletgazd\u00e1lkod\u00e1s: Hat\u00e9kony k\u00e9szletgazd\u00e1lkod\u00e1si rendszerek bevezet\u00e9se a term\u00e9kek el\u00e9rhet\u0151s\u00e9g\u00e9nek biztos\u00edt\u00e1sa \u00e9s a k\u00e9szletkimarad\u00e1sok minimaliz\u00e1l\u00e1sa \u00e9rdek\u00e9ben. Tartsa fenn az egyens\u00falyt a kereslet kiel\u00e9g\u00edt\u00e9s\u00e9hez elegend\u0151 k\u00e9szlet fenntart\u00e1sa k\u00f6z\u00f6tt an\u00e9lk\u00fcl, hogy t\u00falzott sz\u00e1ll\u00edt\u00e1si k\u00f6lts\u00e9gek mer\u00fcln\u00e9nek fel. Fontolja meg olyan szoftverek vagy eszk\u00f6z\u00f6k haszn\u00e1lat\u00e1t, amelyek seg\u00edtenek a k\u00e9szletszintek nyomon k\u00f6vet\u00e9s\u00e9ben, a kereslet el\u0151rejelz\u00e9s\u00e9ben \u00e9s a felt\u00f6lt\u00e9si ciklusok optimaliz\u00e1l\u00e1s\u00e1ban.<\/li>\n<li>Logisztika \u00e9s teljes\u00edt\u00e9s: Hat\u00e9kony logisztikai \u00e9s teljes\u00edt\u00e9si folyamatok kialak\u00edt\u00e1sa a hajsz\u00e1r\u00edt\u00f3k kiskeresked\u0151knek t\u00f6rt\u00e9n\u0151 id\u0151ben t\u00f6rt\u00e9n\u0151 kisz\u00e1ll\u00edt\u00e1s\u00e1nak biztos\u00edt\u00e1sa \u00e9rdek\u00e9ben. Koordin\u00e1ljon a sz\u00e1ll\u00edt\u00e1si \u00e9s logisztikai szolg\u00e1ltat\u00f3kkal a sz\u00e1ll\u00edt\u00e1si \u00fatvonalak optimaliz\u00e1l\u00e1sa, a tranzitid\u0151 cs\u00f6kkent\u00e9se \u00e9s a k\u00f6lts\u00e9gek kezel\u00e9se \u00e9rdek\u00e9ben. A k\u00fcldem\u00e9nyek nyomon k\u00f6vet\u00e9s\u00e9re \u00e9s nyomon k\u00f6vet\u00e9s\u00e9re szolg\u00e1l\u00f3 rendszerek bevezet\u00e9se, hogy a kiskeresked\u0151k sz\u00e1m\u00e1ra \u00e1tl\u00e1that\u00f3s\u00e1got biztos\u00edtson, \u00e9s azonnal kezelje a sz\u00e1ll\u00edt\u00e1si probl\u00e9m\u00e1kat.<\/li>\n<li>\u00c9rt\u00e9kes\u00edt\u00e9s ut\u00e1ni t\u00e1mogat\u00e1s \u00e9s \u00fcgyf\u00e9lszolg\u00e1lat: Kiv\u00e1l\u00f3 \u00e9rt\u00e9kes\u00edt\u00e9s ut\u00e1ni t\u00e1mogat\u00e1s \u00e9s \u00fcgyf\u00e9lszolg\u00e1lat biztos\u00edt\u00e1sa a kiskeresked\u0151k \u00e9s a v\u00e9gfelhaszn\u00e1l\u00f3k sz\u00e1m\u00e1ra. Azonnali \u00e9s szakszer\u0171 v\u00e1laszad\u00e1s minden k\u00e9rd\u00e9sre, aggodalomra vagy probl\u00e9m\u00e1ra. A garanci\u00e1k, a term\u00e9kk\u00e9pz\u00e9s \u00e9s a hibaelh\u00e1r\u00edt\u00e1si seg\u00edts\u00e9gny\u00fajt\u00e1s felaj\u00e1nl\u00e1sa n\u00f6velheti a v\u00e1s\u00e1rl\u00f3i el\u00e9gedetts\u00e9get \u00e9s el\u0151seg\u00edtheti a kiskeresked\u0151kkel val\u00f3 hossz\u00fa t\u00e1v\u00fa kapcsolatokat.<\/li>\n<li>Marketing t\u00e1mogat\u00e1s: Egy\u00fcttm\u0171k\u00f6d\u00e9s a kiskereskedelmi partnerekkel a marketingstrat\u00e9gi\u00e1k \u00e9s prom\u00f3ci\u00f3s kamp\u00e1nyok kidolgoz\u00e1s\u00e1ban a term\u00e9k ismerts\u00e9g\u00e9nek \u00e9s \u00e9rt\u00e9kes\u00edt\u00e9s\u00e9nek n\u00f6vel\u00e9se \u00e9rdek\u00e9ben. Marketinganyagok, p\u00e9ld\u00e1ul term\u00e9kk\u00e9pek, le\u00edr\u00e1sok \u00e9s vide\u00f3k biztos\u00edt\u00e1sa, amelyeket a kiskeresked\u0151k online \u00e9s offline csatorn\u00e1ikon haszn\u00e1lhatnak. T\u00e1rsm\u00e1rk\u00e1s marketingkezdem\u00e9nyez\u00e9sek vagy k\u00f6z\u00f6s prom\u00f3ci\u00f3k felaj\u00e1nl\u00e1sa az ismerts\u00e9g maximaliz\u00e1l\u00e1sa \u00e9rdek\u00e9ben.<\/li>\n<li>Rendszeres kommunik\u00e1ci\u00f3: Rendszeres kommunik\u00e1ci\u00f3 a kiskereskedelmi partnerekkel, hogy naprak\u00e9szek maradjanak a piaci trendekkel, a keresleti szok\u00e1sokkal \u00e9s az ig\u00e9nyeikben bek\u00f6vetkezett v\u00e1ltoz\u00e1sokkal kapcsolatban. K\u00e9rjen visszajelz\u00e9st \u00e9s fejleszt\u00e9si javaslatokat, \u00e9s azonnal foglalkozzon minden probl\u00e9m\u00e1val. Az er\u0151s kommunik\u00e1ci\u00f3s csatorn\u00e1k ki\u00e9p\u00edt\u00e9se el\u0151seg\u00edti a bizalmat \u00e9s er\u0151s\u00edti a forgalmaz\u00f3-kiskeresked\u0151 kapcsolatot.<\/li>\n<\/ol>\n<p>Ne feledje, hogy az \u00e9rt\u00e9kes\u00edt\u00e9si csatorn\u00e1k dinamikusak, \u00e9s elengedhetetlen, hogy folyamatosan \u00e9rt\u00e9kelj\u00fck hat\u00e9konys\u00e1gukat. Maradjon proakt\u00edv az \u00faj kiskereskedelmi partnerek keres\u00e9s\u00e9ben, alkalmazkodjon a piaci v\u00e1ltoz\u00e1sokhoz, \u00e9s optimaliz\u00e1lja forgalmaz\u00e1si strat\u00e9gi\u00e1it, hogy hajsz\u00e1r\u00edt\u00f3i hat\u00e9konyan eljussanak a c\u00e9lk\u00f6z\u00f6ns\u00e9ghez.<img decoding=\"async\" class=\"lazyload size-full wp-image-5649 aligncenter\" src=\"https:\/\/www.olayer.com\/wp-content\/uploads\/2023\/06\/inftertek-hair-dryer.jpg\" data-orig-src=\"https:\/\/www.olayer.com\/wp-content\/uploads\/2023\/06\/inftertek-hair-dryer.jpg\" alt=\"inftertek hajsz\u00e1r\u00edt\u00f3\" width=\"1080\" height=\"1080\" title=\"\" srcset=\"data:image\/svg+xml,%3Csvg%20xmlns%3D%27http%3A%2F%2Fwww.w3.org%2F2000%2Fsvg%27%20width%3D%271080%27%20height%3D%271080%27%20viewBox%3D%270%200%201080%201080%27%3E%3Crect%20width%3D%271080%27%20height%3D%271080%27%20fill-opacity%3D%220%22%2F%3E%3C%2Fsvg%3E\" data-srcset=\"https:\/\/www.olayer.com\/wp-content\/uploads\/2023\/06\/inftertek-hair-dryer-66x66.jpg 66w, https:\/\/www.olayer.com\/wp-content\/uploads\/2023\/06\/inftertek-hair-dryer-80x80.jpg 80w, https:\/\/www.olayer.com\/wp-content\/uploads\/2023\/06\/inftertek-hair-dryer-200x200.jpg 200w, https:\/\/www.olayer.com\/wp-content\/uploads\/2023\/06\/inftertek-hair-dryer-300x300.jpg 300w, https:\/\/www.olayer.com\/wp-content\/uploads\/2023\/06\/inftertek-hair-dryer-400x400.jpg 400w, https:\/\/www.olayer.com\/wp-content\/uploads\/2023\/06\/inftertek-hair-dryer-600x600.jpg 600w, https:\/\/www.olayer.com\/wp-content\/uploads\/2023\/06\/inftertek-hair-dryer-768x768.jpg 768w, https:\/\/www.olayer.com\/wp-content\/uploads\/2023\/06\/inftertek-hair-dryer-800x800.jpg 800w, https:\/\/www.olayer.com\/wp-content\/uploads\/2023\/06\/inftertek-hair-dryer-1030x1030.jpg 1030w, https:\/\/www.olayer.com\/wp-content\/uploads\/2023\/06\/inftertek-hair-dryer.jpg 1080w\" data-sizes=\"auto\" data-orig-sizes=\"(max-width: 1080px) 100vw, 1080px\" \/><\/p>\n<h3><span class=\"ez-toc-section\" id=\"V_Marketing_and_Promoting_Hair_Dryer_Products\"><\/span>V. Hajsz\u00e1r\u00edt\u00f3 term\u00e9kek marketingje \u00e9s prom\u00f3ci\u00f3ja<span class=\"ez-toc-section-end\"><\/span><\/h3>\n<p>A hajsz\u00e1r\u00edt\u00f3 term\u00e9kek hat\u00e9kony marketingje \u00e9s n\u00e9pszer\u0171s\u00edt\u00e9se kulcsfontoss\u00e1g\u00fa a c\u00e9lk\u00f6z\u00f6ns\u00e9g el\u00e9r\u00e9s\u00e9hez, a m\u00e1rkaismerts\u00e9g n\u00f6vel\u00e9s\u00e9hez \u00e9s az \u00e9rt\u00e9kes\u00edt\u00e9s \u00f6szt\u00f6nz\u00e9s\u00e9hez. \u00cdme n\u00e9h\u00e1ny strat\u00e9gia, amely seg\u00edt a hajsz\u00e1r\u00edt\u00f3 term\u00e9kek forgalmaz\u00e1s\u00e1ban \u00e9s n\u00e9pszer\u0171s\u00edt\u00e9s\u00e9ben:<\/p>\n<ol>\n<li>\u00c1tfog\u00f3 marketingstrat\u00e9gia kidolgoz\u00e1sa: Kezdje egy j\u00f3l meghat\u00e1rozott marketingstrat\u00e9gia kidolgoz\u00e1s\u00e1val, amely felv\u00e1zolja a c\u00e9lokat, a c\u00e9lk\u00f6z\u00f6ns\u00e9get, az \u00fczeneteket \u00e9s a taktik\u00e1kat. Hat\u00e1rozza meg hajsz\u00e1r\u00edt\u00f3i egyedi \u00e9rt\u00e9kes\u00edt\u00e9si pontjait \u00e9s el\u0151nyeit, hogy megk\u00fcl\u00f6nb\u00f6ztesse azokat a versenyt\u00e1rsakt\u00f3l. Vegye figyelembe mind az online, mind az offline marketingcsatorn\u00e1kat, hogy maximaliz\u00e1lja el\u00e9r\u00e9s\u00e9t.<\/li>\n<li>Meggy\u0151z\u0151 term\u00e9kle\u00edr\u00e1sok: K\u00e9sz\u00edtsen meggy\u0151z\u0151 \u00e9s meggy\u0151z\u0151 term\u00e9kle\u00edr\u00e1sokat, amelyek kiemelik a hajsz\u00e1r\u00edt\u00f3k jellemz\u0151it, technol\u00f3gi\u00e1j\u00e1t \u00e9s el\u0151nyeit. Vil\u00e1gosan kommunik\u00e1lja, hogy term\u00e9kei hogyan kezelik a v\u00e1s\u00e1rl\u00f3k f\u00e1jdalmas pontjait, \u00e9s hogyan jav\u00edtj\u00e1k a hajform\u00e1z\u00e1si \u00e9lm\u00e9nyt. Haszn\u00e1ljon le\u00edr\u00f3 nyelvezetet, \u00f6sszpontos\u00edtson a legfontosabb tulajdons\u00e1gokra, \u00e9s hangs\u00falyozza az \u00e9rt\u00e9ket.<\/li>\n<li>Vizu\u00e1lis vonzer\u0151: Haszn\u00e1ljon kiv\u00e1l\u00f3 min\u0151s\u00e9g\u0171 k\u00e9pi anyagokat hajsz\u00e1r\u00edt\u00f3 term\u00e9keinek bemutat\u00e1s\u00e1ra. Tartalmazzon professzion\u00e1lis term\u00e9kk\u00e9peket, \u00e9letm\u00f3dfot\u00f3kat \u00e9s vide\u00f3kat, amelyek bemutatj\u00e1k a hajsz\u00e1r\u00edt\u00f3k haszn\u00e1lat\u00e1t \u00e9s el\u0151nyeit. A vizu\u00e1lis tartalom rendk\u00edv\u00fcl vonz\u00f3, \u00e9s megragadhatja a potenci\u00e1lis \u00fcgyfeleket, \u00edgy azok nagyobb val\u00f3sz\u00edn\u0171s\u00e9ggel fontolj\u00e1k meg az \u00d6n term\u00e9keit.<\/li>\n<li>Online jelenl\u00e9t \u00e9s e-kereskedelem: Er\u0151s online jelenl\u00e9t kialak\u00edt\u00e1sa egy felhaszn\u00e1l\u00f3bar\u00e1t weboldal l\u00e9trehoz\u00e1s\u00e1val, amely bemutatja hajsz\u00e1r\u00edt\u00f3 term\u00e9keit. Optimaliz\u00e1lja weboldal\u00e1t a keres\u0151motorok sz\u00e1m\u00e1ra (SEO) a keres\u00e9si eredm\u00e9nyekben val\u00f3 l\u00e1that\u00f3s\u00e1g jav\u00edt\u00e1sa \u00e9rdek\u00e9ben. Vezessen be egy e-kereskedelmi platformot a k\u00f6zvetlen online \u00e9rt\u00e9kes\u00edt\u00e9s lehet\u0151v\u00e9 t\u00e9tele \u00e9rdek\u00e9ben. Adjon r\u00e9szletes term\u00e9kinform\u00e1ci\u00f3kat, \u00e1rk\u00e9pz\u00e9st \u00e9s k\u00f6nnyen navig\u00e1lhat\u00f3 p\u00e9nzt\u00e1ri folyamatot.<\/li>\n<li>K\u00f6z\u00f6ss\u00e9gi m\u00e9dia marketing: Haszn\u00e1lja ki a n\u00e9pszer\u0171 k\u00f6z\u00f6ss\u00e9gi m\u00e9diaplatformokat, p\u00e9ld\u00e1ul az Instagramot, a Facebookot, a YouTube-ot \u00e9s a TikTokot, hogy sz\u00e9lesebb k\u00f6z\u00f6ns\u00e9get \u00e9rjen el. K\u00e9sz\u00edtsen mag\u00e1val ragad\u00f3 tartalmakat, amelyek bemutatj\u00e1k hajsz\u00e1r\u00edt\u00f3 term\u00e9keit, bele\u00e9rtve a bemutat\u00f3kat, az el\u0151tte-ut\u00e1na \u00e1talak\u00edt\u00e1sokat \u00e9s a v\u00e1s\u00e1rl\u00f3i besz\u00e1mol\u00f3kat. M\u0171k\u00f6dj\u00f6n egy\u00fctt influencerekkel vagy sz\u00e9ps\u00e9gipari szakemberekkel, akik t\u00e1mogathatj\u00e1k \u00e9s n\u00e9pszer\u0171s\u00edthetik term\u00e9keit a k\u00f6vet\u0151ik k\u00f6r\u00e9ben.<\/li>\n<li>Tartalommarketing: Informat\u00edv \u00e9s \u00e9rt\u00e9kes tartalmak l\u00e9trehoz\u00e1sa a haj\u00e1pol\u00e1ssal, hajform\u00e1z\u00e1si tippekkel \u00e9s trendekkel kapcsolatban. Tegyen k\u00f6zz\u00e9 olyan blogbejegyz\u00e9seket, cikkeket \u00e9s vide\u00f3kat, amelyek m\u00e1rk\u00e1j\u00e1t tekint\u00e9lyk\u00e9nt poz\u00edcion\u00e1lj\u00e1k az ipar\u00e1gban. Osszon meg olyan gyakorlati tippeket, tan\u00e1csokat \u00e9s \u00fatmutat\u00f3kat, amelyek rezon\u00e1lnak a c\u00e9lk\u00f6z\u00f6ns\u00e9g\u00e9re. Ez a megk\u00f6zel\u00edt\u00e9s hiteless\u00e9get teremt, \u00e9s potenci\u00e1lis \u00fcgyfeleket vonz m\u00e1rk\u00e1j\u00e1hoz.<\/li>\n<li>Fizetett rekl\u00e1m: Fontolja meg a c\u00e9lzott fizetett rekl\u00e1mkamp\u00e1nyokat a m\u00e1rka l\u00e1that\u00f3s\u00e1g\u00e1nak n\u00f6vel\u00e9se \u00e9s a sz\u00e9lesebb k\u00f6z\u00f6ns\u00e9g el\u00e9r\u00e9se \u00e9rdek\u00e9ben. Haszn\u00e1ljon olyan platformokat, mint a Google Ads, a k\u00f6z\u00f6ss\u00e9gi m\u00e9dia hirdet\u00e9sek \u00e9s a display hirdet\u00e9sek a hajsz\u00e1r\u00edt\u00f3 term\u00e9kek n\u00e9pszer\u0171s\u00edt\u00e9s\u00e9re. A hat\u00e9konys\u00e1g maximaliz\u00e1l\u00e1sa \u00e9rdek\u00e9ben szabja hirdet\u00e9s\u00e9t konkr\u00e9t demogr\u00e1fiai adatokra, \u00e9rdekl\u0151d\u00e9si k\u00f6rre \u00e9s f\u00f6ldrajzi helyekre.<\/li>\n<li>Influencer egy\u00fcttm\u0171k\u00f6d\u00e9sek: Egy\u00fcttm\u0171k\u00f6dj\u00f6n olyan influencerekkel \u00e9s sz\u00e9ps\u00e9g\u00e1pol\u00e1si szak\u00e9rt\u0151kkel, akik er\u0151s online jelenl\u00e9ttel \u00e9s elk\u00f6telezett k\u00f6vet\u0151vel rendelkeznek. Az influencerekkel val\u00f3 egy\u00fcttm\u0171k\u00f6d\u00e9s seg\u00edthet a m\u00e1rka ismerts\u00e9g\u00e9nek, hiteless\u00e9g\u00e9nek \u00e9s a term\u00e9k l\u00e1that\u00f3s\u00e1g\u00e1nak n\u00f6vel\u00e9s\u00e9ben. B\u00e1tor\u00edtsa \u0151ket, hogy k\u00e9sz\u00edtsenek tartalmat az \u00d6n hajsz\u00e1r\u00edt\u00f3ival, adjanak \u0151szinte v\u00e9lem\u00e9nyeket, \u00e9s ossz\u00e1k meg tapasztalataikat a k\u00f6z\u00f6ns\u00e9g\u00fckkel.<\/li>\n<li>Vegyen r\u00e9szt kereskedelmi bemutat\u00f3kon \u00e9s ki\u00e1ll\u00edt\u00e1sokon: Vegyen r\u00e9szt ipar\u00e1gi ki\u00e1ll\u00edt\u00e1sokon \u00e9s szakki\u00e1ll\u00edt\u00e1sokon, hogy bemutassa hajsz\u00e1r\u00edt\u00f3 term\u00e9keit a kiskeresked\u0151k, forgalmaz\u00f3k \u00e9s sz\u00e9ps\u00e9gipari szakemberek c\u00e9lk\u00f6z\u00f6ns\u00e9g\u00e9nek. Hozzon l\u00e9tre egy vonz\u00f3 standot, k\u00edn\u00e1ljon term\u00e9kbemutat\u00f3kat, \u00e9s terjesszen prom\u00f3ci\u00f3s anyagokat, hogy \u00e9rdekl\u0151d\u00e9st keltsen \u00e9s \u00e9rt\u00e9kes \u00fczleti kapcsolatokat alak\u00edtson ki.<\/li>\n<li>V\u00e1s\u00e1rl\u00f3i v\u00e9lem\u00e9nyek \u00e9s besz\u00e1mol\u00f3k: \u00d6szt\u00f6n\u00f6zze az el\u00e9gedett \u00fcgyfeleket, hogy hagyjanak v\u00e9lem\u00e9nyeket \u00e9s besz\u00e1mol\u00f3kat a hajsz\u00e1r\u00edt\u00f3ir\u00f3l. A pozit\u00edv v\u00e9lem\u00e9nyek \u00e9s besz\u00e1mol\u00f3k t\u00e1rsadalmi bizony\u00edt\u00e9kk\u00e9nt szolg\u00e1lnak, \u00e9s bizalmat \u00e9bresztenek a potenci\u00e1lis v\u00e1s\u00e1rl\u00f3kban. T\u00fcntesse fel ezeket az aj\u00e1nl\u00e1sokat a weboldal\u00e1n, a k\u00f6z\u00f6ss\u00e9gi m\u00e9diafel\u00fcleteken \u00e9s egy\u00e9b marketinganyagokban.<\/li>\n<\/ol>\n<p>Rendszeresen \u00e9rt\u00e9kelje a marketingtev\u00e9kenys\u00e9gek hat\u00e9konys\u00e1g\u00e1t, k\u00f6vesse nyomon a kulcsfontoss\u00e1g\u00fa teljes\u00edtm\u00e9nymutat\u00f3kat (KPI-k), \u00e9s sz\u00fcks\u00e9g eset\u00e9n v\u00e9gezzen kiigaz\u00edt\u00e1sokat. Tartsa naprak\u00e9szen az ipar\u00e1gi trendeket, a fogyaszt\u00f3i preferenci\u00e1kat \u00e9s az \u00faj marketingcsatorn\u00e1kat, hogy hajsz\u00e1r\u00edt\u00f3i term\u00e9kei maxim\u00e1lis nyilv\u00e1noss\u00e1got kapjanak \u00e9s a k\u00edv\u00e1nt hat\u00e1st \u00e9rj\u00e9k el a piacon.<\/p>\n<h3><span class=\"ez-toc-section\" id=\"VI_Challenges_and_Solutions_for_Hair_Dryer_Distributors\"><\/span>VI. Kih\u00edv\u00e1sok \u00e9s megold\u00e1sok a hajsz\u00e1r\u00edt\u00f3 forgalmaz\u00f3k sz\u00e1m\u00e1ra<span class=\"ez-toc-section-end\"><\/span><\/h3>\n<p>A hajsz\u00e1r\u00edt\u00f3 forgalmaz\u00f3k k\u00fcl\u00f6nb\u00f6z\u0151 kih\u00edv\u00e1sokkal n\u00e9znek szembe a versenyk\u00e9pes sz\u00e9ps\u00e9giparban. Gondos tervez\u00e9ssel \u00e9s hat\u00e9kony strat\u00e9gi\u00e1kkal azonban ezek a kih\u00edv\u00e1sok lek\u00fczdhet\u0151k. \u00cdme n\u00e9h\u00e1ny gyakori kih\u00edv\u00e1s, amellyel a hajsz\u00e1r\u00edt\u00f3 forgalmaz\u00f3knak szembe kell n\u00e9zni\u00fck, valamint azok lehets\u00e9ges megold\u00e1sai:<\/p>\n<ol>\n<li>Piaci tel\u00edtetts\u00e9g \u00e9s verseny: A hajsz\u00e1r\u00edt\u00f3k piaca tel\u00edtett lehet, sz\u00e1mos versenyt\u00e1rs verseng a piaci r\u00e9szesed\u00e9s\u00e9rt, ami kih\u00edv\u00e1ss\u00e1 teszi a kit\u0171n\u00e9st. Megold\u00e1s: Koncentr\u00e1ljon a megk\u00fcl\u00f6nb\u00f6ztet\u00e9sre az\u00e1ltal, hogy hajsz\u00e1r\u00edt\u00f3 term\u00e9keiben egyedi funkci\u00f3kat, innovat\u00edv formatervez\u00e9st vagy fejlett technol\u00f3gi\u00e1kat k\u00edn\u00e1l. V\u00e9gezzen alapos piackutat\u00e1st a hi\u00e1nyoss\u00e1gok vagy kiel\u00e9g\u00edtetlen ig\u00e9nyek azonos\u00edt\u00e1sa \u00e9rdek\u00e9ben, \u00e9s fejlesszen ki olyan term\u00e9keket, amelyek megfelelnek ezeknek az egyedi k\u00f6vetelm\u00e9nyeknek. Hangs\u00falyozza versenyel\u0151nyeit c\u00e9lzott marketing- \u00e9s m\u00e1rka\u00e9p\u00edt\u00e9si er\u0151fesz\u00edt\u00e9sekkel.<\/li>\n<li>\u00c1ringadoz\u00e1sok \u00e9s haszonkulcsok: Kih\u00edv\u00e1s: A nyersanyagok \u00e1ringadoz\u00e1sa, a gy\u00e1rt\u00e1si k\u00f6lts\u00e9gek vagy a valuta\u00e1rfolyamok befoly\u00e1solhatj\u00e1k a forgalmaz\u00f3k haszonkulcs\u00e1t. Megold\u00e1s: Er\u0151s kapcsolatok ki\u00e9p\u00edt\u00e9se a gy\u00e1rt\u00f3kkal, \u00e9s kedvez\u0151 \u00e1rk\u00e9pz\u00e9si felt\u00e9telekr\u0151l val\u00f3 t\u00e1rgyal\u00e1s. Vezessen be hat\u00e9kony k\u00f6lts\u00e9ggazd\u00e1lkod\u00e1si strat\u00e9gi\u00e1kat a kiad\u00e1sok optimaliz\u00e1l\u00e1sa \u00e9rdek\u00e9ben az ell\u00e1t\u00e1si l\u00e1nc eg\u00e9sz\u00e9ben. Figyelje a piaci trendeket, \u00e9s ennek megfelel\u0151en igaz\u00edtsa ki az \u00e1rk\u00e9pz\u00e9si strat\u00e9gi\u00e1kat, mik\u00f6zben biztos\u00edtja az egyens\u00falyt a nyeres\u00e9gess\u00e9g \u00e9s a versenyk\u00e9pess\u00e9g k\u00f6z\u00f6tt.<\/li>\n<li>Term\u00e9kvisszat\u00e9r\u00edt\u00e9sek \u00e9s \u00fcgyf\u00e9lpanaszok: Kih\u00edv\u00e1s: A term\u00e9kvisszav\u00e9telek, a garanci\u00e1lis ig\u00e9nyek \u00e9s az \u00fcgyf\u00e9lpanaszok kezel\u00e9se id\u0151ig\u00e9nyes lehet, \u00e9s kihathat az \u00fcgyfelek el\u00e9gedetts\u00e9g\u00e9re. Megold\u00e1s: Egyszer\u0171s\u00edtett \u00e9s hat\u00e9kony visszak\u00fcld\u00e9si \u00e9s garanciakezel\u00e9si folyamat bevezet\u00e9se. Vil\u00e1gosan kommunik\u00e1lja a garanci\u00e1lis felt\u00e9teleket az \u00fcgyfelekkel. Biztos\u00edtsa az \u00fcgyf\u00e9lpanaszok gyors megold\u00e1s\u00e1t a gyors \u00fcgyf\u00e9lszolg\u00e1lat biztos\u00edt\u00e1s\u00e1val \u00e9s a probl\u00e9m\u00e1k id\u0151ben t\u00f6rt\u00e9n\u0151 kezel\u00e9s\u00e9vel. Folyamatosan jav\u00edtsa a term\u00e9kmin\u0151s\u00e9get \u00e9s a megb\u00edzhat\u00f3s\u00e1got, hogy minimaliz\u00e1lja a visszak\u00fcld\u00e9seket \u00e9s a panaszokat.<\/li>\n<li>Technol\u00f3giai fejleszt\u00e9sek: A hajsz\u00e1r\u00edt\u00f3iparban a technol\u00f3giai fejl\u0151d\u00e9s gyorsan elavultt\u00e1 tehet bizonyos term\u00e9keket, \u00e9s a forgalmaz\u00f3knak alkalmazkodniuk kell az \u00faj funkci\u00f3khoz \u00e9s funkci\u00f3khoz. Megold\u00e1s: Legyen naprak\u00e9sz az ipar\u00e1gi trendekkel \u00e9s a felt\u00f6rekv\u0151 technol\u00f3gi\u00e1kkal. M\u0171k\u00f6dj\u00f6n szorosan egy\u00fctt a gy\u00e1rt\u00f3kkal az innovat\u00edv funkci\u00f3k azonos\u00edt\u00e1sa \u00e9s be\u00e9p\u00edt\u00e9se \u00e9rdek\u00e9ben a term\u00e9kk\u00edn\u00e1latba. Folyamatosan fektessen be a kutat\u00e1sba \u00e9s fejleszt\u00e9sbe, hogy mindig az \u00e9lvonalban maradjon, \u00e9s olyan hajsz\u00e1r\u00edt\u00f3kat k\u00edn\u00e1ljon, amelyek megfelelnek a fogyaszt\u00f3k v\u00e1ltoz\u00f3 ig\u00e9nyeinek \u00e9s preferenci\u00e1inak.<\/li>\n<li>Ell\u00e1t\u00e1si l\u00e1nc menedzsment: Kih\u00edv\u00e1s: A hajsz\u00e1r\u00edt\u00f3 term\u00e9kek kiskeresked\u0151kh\u00f6z \u00e9s v\u00e1s\u00e1rl\u00f3khoz val\u00f3 id\u0151ben t\u00f6rt\u00e9n\u0151 eljuttat\u00e1sa \u00e9rdek\u00e9ben az ell\u00e1t\u00e1si l\u00e1nc hat\u00e9kony kezel\u00e9se \u00f6sszetett lehet. Megold\u00e1s: Er\u0151s ell\u00e1t\u00e1si l\u00e1ncir\u00e1ny\u00edt\u00e1si rendszerek bevezet\u00e9se a k\u00e9szletez\u00e9si, logisztikai \u00e9s teljes\u00edt\u00e9si folyamatok optimaliz\u00e1l\u00e1sa \u00e9rdek\u00e9ben. Haszn\u00e1lja a technol\u00f3gi\u00e1t \u00e9s a szoftvermegold\u00e1sokat a k\u00e9szletszintek nyomon k\u00f6vet\u00e9s\u00e9re \u00e9s kezel\u00e9s\u00e9re, a megrendel\u00e9sek teljes\u00edt\u00e9s\u00e9nek nyomon k\u00f6vet\u00e9s\u00e9re, valamint a sz\u00e1ll\u00edt\u00e1si \u00e9s logisztikai partnerekkel val\u00f3 koordin\u00e1ci\u00f3ra. Rendszeres kommunik\u00e1ci\u00f3 a gy\u00e1rt\u00f3kkal, kiskeresked\u0151kkel \u00e9s \u00fcgyfelekkel a z\u00f6kken\u0151mentes m\u0171k\u00f6d\u00e9s biztos\u00edt\u00e1sa \u00e9s a fennakad\u00e1sok minimaliz\u00e1l\u00e1sa \u00e9rdek\u00e9ben.<\/li>\n<li>M\u00e1rkaismerts\u00e9g \u00e9s marketing: A m\u00e1rkaismerts\u00e9g ki\u00e9p\u00edt\u00e9se \u00e9s a hajsz\u00e1r\u00edt\u00f3 term\u00e9kek hat\u00e9kony marketingje a c\u00e9lk\u00f6z\u00f6ns\u00e9g sz\u00e1m\u00e1ra kih\u00edv\u00e1st jelenthet, k\u00fcl\u00f6n\u00f6sen az \u00faj vagy kev\u00e9sb\u00e9 ismert forgalmaz\u00f3k sz\u00e1m\u00e1ra. Megold\u00e1s: \u00c1tfog\u00f3 marketingstrat\u00e9gia kidolgoz\u00e1sa, amely online \u00e9s offline marketingcsatorn\u00e1k kever\u00e9k\u00e9t tartalmazza. Haszn\u00e1lja ki a k\u00f6z\u00f6ss\u00e9gi m\u00e9diaplatformokat, az influencerekkel val\u00f3 egy\u00fcttm\u0171k\u00f6d\u00e9st \u00e9s a tartalommarketinget a m\u00e1rka ismerts\u00e9g\u00e9nek n\u00f6vel\u00e9se \u00e9rdek\u00e9ben. Vegyen r\u00e9szt ipar\u00e1gi szakki\u00e1ll\u00edt\u00e1sokon \u00e9s ki\u00e1ll\u00edt\u00e1sokon, hogy bemutassa term\u00e9keit. Vezessen be c\u00e9lzott rekl\u00e1mkamp\u00e1nyokat a c\u00e9lk\u00f6z\u00f6ns\u00e9g el\u00e9r\u00e9se \u00e9rdek\u00e9ben. Koncentr\u00e1ljon a k\u00f6vetkezetes m\u00e1rka\u00fczenetekre, amelyek kiemelik hajsz\u00e1r\u00edt\u00f3 term\u00e9keinek egyedi jellemz\u0151it \u00e9s el\u0151nyeit.<\/li>\n<\/ol>\n<p>E kih\u00edv\u00e1sok proakt\u00edv kezel\u00e9s\u00e9vel \u00e9s a megfelel\u0151 megold\u00e1sok bevezet\u00e9s\u00e9vel a hajsz\u00e1r\u00edt\u00f3 forgalmaz\u00f3k lek\u00fczdhetik az akad\u00e1lyokat, \u00e9s er\u0151s l\u00e1bakat vethetnek meg a piacon. Az alkalmazkod\u00f3k\u00e9pess\u00e9g, az innov\u00e1ci\u00f3 \u00e9s az \u00fcgyf\u00e9lk\u00f6zpont\u00fa megk\u00f6zel\u00edt\u00e9s kulcsfontoss\u00e1g\u00fa a sz\u00e9ps\u00e9giparban a hossz\u00fa t\u00e1v\u00fa siker el\u00e9r\u00e9s\u00e9hez.<\/p>\n<div id=\"attachment_5593\" style=\"width: 1090px\" class=\"wp-caption aligncenter\"><img decoding=\"async\" aria-describedby=\"caption-attachment-5593\" class=\"lazyload size-full wp-image-5593\" src=\"https:\/\/www.olayer.com\/wp-content\/uploads\/2022\/12\/best-ceramic-chinese-hair-dryer.jpg\" data-orig-src=\"https:\/\/www.olayer.com\/wp-content\/uploads\/2022\/12\/best-ceramic-chinese-hair-dryer.jpg\" alt=\"legjobb ker\u00e1mia k\u00ednai hajsz\u00e1r\u00edt\u00f3\" width=\"1080\" height=\"1080\" title=\"\" srcset=\"data:image\/svg+xml,%3Csvg%20xmlns%3D%27http%3A%2F%2Fwww.w3.org%2F2000%2Fsvg%27%20width%3D%271080%27%20height%3D%271080%27%20viewBox%3D%270%200%201080%201080%27%3E%3Crect%20width%3D%271080%27%20height%3D%271080%27%20fill-opacity%3D%220%22%2F%3E%3C%2Fsvg%3E\" data-srcset=\"https:\/\/www.olayer.com\/wp-content\/uploads\/2022\/12\/best-ceramic-chinese-hair-dryer-66x66.jpg 66w, https:\/\/www.olayer.com\/wp-content\/uploads\/2022\/12\/best-ceramic-chinese-hair-dryer-80x80.jpg 80w, https:\/\/www.olayer.com\/wp-content\/uploads\/2022\/12\/best-ceramic-chinese-hair-dryer-200x200.jpg 200w, https:\/\/www.olayer.com\/wp-content\/uploads\/2022\/12\/best-ceramic-chinese-hair-dryer-300x300.jpg 300w, https:\/\/www.olayer.com\/wp-content\/uploads\/2022\/12\/best-ceramic-chinese-hair-dryer-400x400.jpg 400w, https:\/\/www.olayer.com\/wp-content\/uploads\/2022\/12\/best-ceramic-chinese-hair-dryer-600x600.jpg 600w, https:\/\/www.olayer.com\/wp-content\/uploads\/2022\/12\/best-ceramic-chinese-hair-dryer-768x768.jpg 768w, https:\/\/www.olayer.com\/wp-content\/uploads\/2022\/12\/best-ceramic-chinese-hair-dryer-800x800.jpg 800w, https:\/\/www.olayer.com\/wp-content\/uploads\/2022\/12\/best-ceramic-chinese-hair-dryer-1030x1030.jpg 1030w, https:\/\/www.olayer.com\/wp-content\/uploads\/2022\/12\/best-ceramic-chinese-hair-dryer.jpg 1080w\" data-sizes=\"auto\" data-orig-sizes=\"(max-width: 1080px) 100vw, 1080px\" \/><p id=\"caption-attachment-5593\" class=\"wp-caption-text\">legjobb ker\u00e1mia k\u00ednai hajsz\u00e1r\u00edt\u00f3<\/p><\/div>\n<h4><span class=\"ez-toc-section\" id=\"Conclusion\"><\/span>K\u00f6vetkeztet\u00e9s<span class=\"ez-toc-section-end\"><\/span><\/h4>\n<p>Ahogy a sz\u00e9ps\u00e9gipar tov\u00e1bbra is vir\u00e1gzik, a hajsz\u00e1r\u00edt\u00f3 forgalmaz\u00f3k szerepe tov\u00e1bbra is szerves r\u00e9sze a n\u00f6veked\u00e9snek. A hajsz\u00e1r\u00edt\u00f3 forgalmaz\u00f3k d\u00f6nt\u0151 szerepet j\u00e1tszanak a gy\u00e1rt\u00f3k \u00e9s a kiskeresked\u0151k \u00f6sszekapcsol\u00e1s\u00e1ban, biztos\u00edtva a divat-tudatos fogyaszt\u00f3k ig\u00e9nyeinek megfelel\u0151, kiv\u00e1l\u00f3 min\u0151s\u00e9g\u0171 hajsz\u00e1r\u00edt\u00f3 term\u00e9kek el\u00e9rhet\u0151s\u00e9g\u00e9t. Az ell\u00e1t\u00e1si l\u00e1nc hat\u00e9kony ir\u00e1ny\u00edt\u00e1s\u00e1val, a gy\u00e1rt\u00f3kkal val\u00f3 er\u0151s kapcsolatok ki\u00e9p\u00edt\u00e9s\u00e9vel, a forgalmaz\u00e1si csatorn\u00e1k l\u00e9trehoz\u00e1s\u00e1val, hat\u00e1sos marketingstrat\u00e9gi\u00e1k v\u00e9grehajt\u00e1s\u00e1val \u00e9s az ipar\u00e1gi kih\u00edv\u00e1sok lek\u00fczd\u00e9s\u00e9vel a forgalmaz\u00f3k sikeres utat tudnak bej\u00e1rni a hajsz\u00e1r\u00edt\u00f3 piacon.<\/p>\n<p>Mivel a hajsz\u00e1r\u00edt\u00f3k piac\u00e1n a kereslet megugrik, a forgalmaz\u00f3knak folyamatosan figyelemmel kell lenni\u00fck a leg\u00fajabb trendekre \u00e9s a piaci dinamik\u00e1ra. A piac m\u00e9ret\u00e9nek meg\u00e9rt\u00e9s\u00e9vel \u00e9s a versenyt\u00e1rsak szoros figyelemmel k\u00eds\u00e9r\u00e9s\u00e9vel a forgalmaz\u00f3k azonos\u00edthatj\u00e1k a piaci r\u00e9st jelent\u0151 lehet\u0151s\u00e9geket, \u00e9s sikerre vihetik magukat.<\/p>\n<p>A hajsz\u00e1r\u00edt\u00f3 forgalmaz\u00f3 felel\u0151ss\u00e9ge az ell\u00e1t\u00e1si l\u00e1nc k\u00fcl\u00f6nb\u00f6z\u0151 aspektusait foglalja mag\u00e1ban. A sz\u00e1ll\u00edt\u00e1s \u00e9s rakt\u00e1roz\u00e1s ir\u00e1ny\u00edt\u00e1s\u00e1t\u00f3l a k\u00e9szletoptimaliz\u00e1l\u00e1s \u00e9s a megrendel\u00e9sek teljes\u00edt\u00e9s\u00e9nek biztos\u00edt\u00e1s\u00e1ig a forgalmaz\u00f3k l\u00e9tfontoss\u00e1g\u00fa szerepet j\u00e1tszanak a term\u00e9kek z\u00f6kken\u0151mentes \u00e1raml\u00e1s\u00e1nak fenntart\u00e1s\u00e1ban. A bizalom ki\u00e9p\u00edt\u00e9s\u00e9vel \u00e9s a gy\u00e1rt\u00f3kkal val\u00f3 szil\u00e1rd kapcsolatok \u00e1pol\u00e1s\u00e1val a forgalmaz\u00f3k biztos\u00edthatj\u00e1k a kiv\u00e1l\u00f3 min\u0151s\u00e9g\u0171 hajsz\u00e1r\u00edt\u00f3k megb\u00edzhat\u00f3 ell\u00e1t\u00e1s\u00e1t, \u00e9s ezzel a v\u00e1s\u00e1rl\u00f3k el\u00e9gedetts\u00e9g\u00e9t.<\/p>\n<p>A marketing \u00e9s a prom\u00f3ci\u00f3 d\u00f6nt\u0151 fontoss\u00e1g\u00fa a m\u00e1rkaismerts\u00e9g \u00e9s az \u00e9rt\u00e9kes\u00edt\u00e9s n\u00f6vel\u00e9s\u00e9ben. A forgalmaz\u00f3k strat\u00e9giai marketingtechnik\u00e1kat alkalmaznak, meggy\u0151z\u0151 term\u00e9kle\u00edr\u00e1sokat k\u00e9sz\u00edtenek \u00e9s vizu\u00e1lis elemeket haszn\u00e1lnak fel a v\u00e1s\u00e1rl\u00f3k elcs\u00e1b\u00edt\u00e1s\u00e1ra. A digit\u00e1lis platformok \u00e9s a k\u00f6z\u00f6ss\u00e9gi m\u00e9diacsatorn\u00e1k seg\u00edts\u00e9g\u00e9vel a forgalmaz\u00f3k sz\u00e9lesebb k\u00f6z\u00f6ns\u00e9get \u00e9rhetnek el, m\u00edg a kereskedelmi bemutat\u00f3kon \u00e9s ki\u00e1ll\u00edt\u00e1sokon val\u00f3 r\u00e9szv\u00e9tel \u00e9rt\u00e9kes megjelen\u00e9si \u00e9s kapcsolat\u00e9p\u00edt\u00e9si lehet\u0151s\u00e9geket biztos\u00edt.<\/p>\n<p>A megfelel\u0151 gy\u00e1rt\u00f3k megtal\u00e1l\u00e1sa alapvet\u0151 fontoss\u00e1g\u00fa a forgalmaz\u00f3k sz\u00e1m\u00e1ra. Az alapos kutat\u00e1s \u00e9s \u00e9rt\u00e9kel\u00e9s lehet\u0151v\u00e9 teszi a forgalmaz\u00f3k sz\u00e1m\u00e1ra, hogy azonos\u00edts\u00e1k azokat a j\u00f3 h\u00edr\u0171 gy\u00e1rt\u00f3kat, amelyek megfelelnek a min\u0151s\u00e9gi szabv\u00e1nyaiknak. A kedvez\u0151 felt\u00e9telek megt\u00e1rgyal\u00e1sa \u00e9s a forgalmaz\u00e1si meg\u00e1llapod\u00e1sok biztos\u00edt\u00e1sa k\u00e9pezik a sikeres partners\u00e9gek alapj\u00e1t, biztos\u00edtva a hajsz\u00e1r\u00edt\u00f3k folyamatos ell\u00e1t\u00e1s\u00e1t.<\/p>\n<p>A hat\u00e9kony \u00e9rt\u00e9kes\u00edt\u00e9si h\u00e1l\u00f3zat ki\u00e9p\u00edt\u00e9se kulcsfontoss\u00e1g\u00fa a fogyaszt\u00f3k hat\u00e9kony el\u00e9r\u00e9s\u00e9hez. A kiskereskedelmi partnerekkel val\u00f3 egy\u00fcttm\u0171k\u00f6d\u00e9s, a szil\u00e1rd forgalmaz\u00e1si meg\u00e1llapod\u00e1sok kidolgoz\u00e1sa \u00e9s a kiv\u00e9teles \u00e9rt\u00e9kes\u00edt\u00e9s ut\u00e1ni t\u00e1mogat\u00e1s biztos\u00edt\u00e1sa a sikeres forgalmaz\u00e1si strat\u00e9gia l\u00e9tfontoss\u00e1g\u00fa elemei. A k\u00e9szletek hat\u00e9kony kezel\u00e9s\u00e9vel \u00e9s a term\u00e9kek el\u00e9rhet\u0151s\u00e9g\u00e9nek biztos\u00edt\u00e1s\u00e1val a forgalmaz\u00f3k ki tudj\u00e1k el\u00e9g\u00edteni a v\u00e1s\u00e1rl\u00f3i ig\u00e9nyeket, \u00e9s er\u0151s kapcsolatokat tudnak fenntartani a kiskeresked\u0151kkel.<\/p>\n<p>Mik\u00f6zben a hajsz\u00e1r\u00edt\u00f3-forgalmaz\u00e1si \u00fczlet\u00e1g lehet\u0151s\u00e9geket k\u00edn\u00e1l, kih\u00edv\u00e1sokat is jelent. A forgalmaz\u00f3knak meg kell birk\u00f3zniuk a versenyhelyzettel, alkalmazkodniuk kell az \u00e1ringadoz\u00e1sokhoz, \u00e9s hat\u00e9konyan kell kezelni\u00fck a haszonkulcsokat. A hat\u00e9kony visszak\u00fcld\u00e9si \u00e9s garanci\u00e1lis folyamatok megval\u00f3s\u00edt\u00e1s\u00e1val, valamint a kiv\u00e1l\u00f3 \u00fcgyf\u00e9lszolg\u00e1lat biztos\u00edt\u00e1s\u00e1val a forgalmaz\u00f3k kezelhetik a v\u00e1s\u00e1rl\u00f3i agg\u00e1lyokat \u00e9s \u00e9p\u00edthetik a bizalmat.<\/p>\n<p>A technol\u00f3giai fejleszt\u00e9sek felkarol\u00e1sa \u00e9s az ipar\u00e1gi innov\u00e1ci\u00f3kkal val\u00f3 l\u00e9p\u00e9start\u00e1s kulcsfontoss\u00e1g\u00fa a piacon val\u00f3 el\u0151ret\u00f6r\u00e9s szempontj\u00e1b\u00f3l. Azzal, hogy a forgalmaz\u00f3k a legmodernebb funkci\u00f3kat \u00e9s technol\u00f3gi\u00e1kat be\u00e9p\u00edtik a term\u00e9kk\u00edn\u00e1latukba, eleget tehetnek a v\u00e1s\u00e1rl\u00f3k v\u00e1ltoz\u00f3 ig\u00e9nyeinek \u00e9s preferenci\u00e1inak.<\/p>\n<p>\u00d6sszefoglalva, a hajsz\u00e1r\u00edt\u00f3 forgalmaz\u00f3k l\u00e9tfontoss\u00e1g\u00fa szerepet j\u00e1tszanak a sz\u00e9ps\u00e9giparban. Az ell\u00e1t\u00e1si l\u00e1nc hat\u00e9kony ir\u00e1ny\u00edt\u00e1s\u00e1val, a gy\u00e1rt\u00f3kkal val\u00f3 kapcsolat\u00e9p\u00edt\u00e9ssel, a forgalmaz\u00e1si csatorn\u00e1k l\u00e9trehoz\u00e1s\u00e1val, a hat\u00e1sos marketingstrat\u00e9gi\u00e1k v\u00e9grehajt\u00e1s\u00e1val \u00e9s az ipar\u00e1gi kih\u00edv\u00e1sok lek\u00fczd\u00e9s\u00e9vel a forgalmaz\u00f3k boldogulhatnak a hajsz\u00e1r\u00edt\u00f3k versenypiac\u00e1n. A piaci trendek pontos ismeret\u00e9vel \u00e9s a kiv\u00e1l\u00f3s\u00e1g ir\u00e1nti elk\u00f6telezetts\u00e9ggel a hajsz\u00e1r\u00edt\u00f3 forgalmaz\u00f3k st\u00edlusosan navig\u00e1lhatnak az ipar\u00e1gban, \u00e9s jelent\u0151s hat\u00e1st gyakorolhatnak a sz\u00e9ps\u00e9giparra.<\/p>\n<p><span lang=\"EN-US\" style=\"font-family: 'Arial',sans-serif;\">Olayer is <\/span><span lang=\"EN-US\"><a href=\"https:\/\/www.olayer.com\/hu\/\"><span style=\"font-family: 'Arial',sans-serif;\">nagykereskedelmi lapos vasal\u00f3k<\/span><\/a><\/span><span lang=\"EN-US\" style=\"font-family: 'Arial',sans-serif;\"> \u00e9s az egy\u00e9ni hajsz\u00e1r\u00edt\u00f3 forgalmaz\u00f3 K\u00edn\u00e1ban. Innovat\u00edv hajvasal\u00f3nkat \u00fagy tervezt\u00fck, hogy kiv\u00e1l\u00f3 teljes\u00edtm\u00e9nyt, tart\u00f3ss\u00e1got \u00e9s egyszer\u0171 haszn\u00e1latot biztos\u00edtson. A ker\u00e1mia vagy turmalin lemezekkel \u00e9s a hidegleveg\u0151 technol\u00f3gi\u00e1val hajegyenes\u00edt\u0151nk soha nem \u00e9get vagy k\u00e1ros\u00edtja semmilyen hajt\u00edpust. Az Olayer hajsz\u00e1r\u00edt\u00f3 gy\u00e1rt\u00f3ja sok hajform\u00e1z\u00f3 eszk\u00f6zt k\u00edn\u00e1l, ezek k\u00f6z\u00e9 tartoznak a k\u00f6vetkez\u0151k <\/span><span lang=\"EN-US\"><a href=\"https:\/\/www.olayer.com\/hu\/egyedi-hajszarito\/\"><span style=\"font-family: 'Arial',sans-serif;\">egyedi hajsz\u00e1r\u00edt\u00f3<\/span><\/a><\/span><span lang=\"EN-US\" style=\"font-family: 'Arial',sans-serif;\">, <\/span><span lang=\"EN-US\"><a href=\"https:\/\/www.olayer.com\/hu\/egyedi-hajkiegyenesitok\/\"><span style=\"font-family: 'Arial',sans-serif;\">egy\u00e9ni hajkiegyenl\u00edt\u0151<\/span><\/a><\/span><span lang=\"EN-US\" style=\"font-family: 'Arial',sans-serif;\">, egyedi hajs\u00fct\u0151vas, egyedi hajkiegyenes\u00edt\u0151 kefe \u00e9s m\u00e9g sok m\u00e1s.<\/span><\/p>\n<p><span lang=\"EN-US\" style=\"font-family: 'Arial',sans-serif;\">A <\/span><span lang=\"EN-US\"><a href=\"https:\/\/www.olayer.com\/hu\/termekek\/hideg-levego-hajvasalo\/\"><span style=\"font-family: 'Arial',sans-serif;\">hideg leveg\u0151 hajvasal\u00f3<\/span><\/a><\/span><span lang=\"EN-US\" style=\"font-family: 'Arial',sans-serif;\"> a legmodernebb technol\u00f3gi\u00e1val van felszerelve, amely biztos\u00edtja, hogy minden egyes hajsz\u00e1l t\u00f6k\u00e9letesre legyen form\u00e1zva. A hideg leveg\u0151 azonnal a fodr\u00e1szszersz\u00e1m tetej\u00e9r\u0151l f\u00fajja a negat\u00edv ionokkal, \u00edgy a hajad sima, f\u00e9nyes \u00e9s eg\u00e9szs\u00e9ges lesz. Mondjon b\u00facs\u00fat a g\u00f6nd\u00f6r, rakonc\u00e1tlan hajnak, \u00e9s k\u00f6sz\u00f6ntse a szalonmin\u0151s\u00e9g\u0171 otthoni hajform\u00e1z\u00e1st.<\/span><\/p>\n<p><span lang=\"EN-US\" style=\"font-family: 'Arial',sans-serif;\">Az Olayern\u00e9l elk\u00f6telezettek vagyunk amellett, hogy a lehet\u0151 legjobb \u00fcgyf\u00e9lszolg\u00e1latot \u00e9s t\u00e1mogat\u00e1st ny\u00fajtsuk. Szak\u00e9rt\u0151i csapatunk mindig rendelkez\u00e9sre \u00e1ll, hogy v\u00e1laszoljon az \u00d6n k\u00e9rd\u00e9seire. Technikai t\u00e1mogat\u00e1st tudnak ny\u00fajtani, \u00e9s seg\u00edtenek megtal\u00e1lni az \u00d6n ig\u00e9nyeinek megfelel\u0151 term\u00e9keket.<\/span><\/p>\n<p><span lang=\"EN-US\" style=\"font-family: 'Arial',sans-serif;\">A hajegyenget\u0151 \u00e9s <\/span><span lang=\"EN-US\"><a href=\"https:\/\/ifely.com\/product\/high-speed-hair-dryer\/\" target=\"_blank\" rel=\"noopener\"><span style=\"font-family: 'Arial',sans-serif;\">nagy sebess\u00e9g\u0171 hajsz\u00e1r\u00edt\u00f3<\/span><\/a><\/span><span lang=\"EN-US\" style=\"font-family: 'Arial',sans-serif;\"> t\u00f6k\u00e9letesek a professzion\u00e1lis fodr\u00e1szok \u00e9s sz\u00e9ps\u00e9gszalonok sz\u00e1m\u00e1ra. Nagykereskedelmi \u00e1rainkkal a legjobb hajform\u00e1z\u00e1si \u00e9lm\u00e9nyt ny\u00fajthatja \u00fcgyfeleinek an\u00e9lk\u00fcl, hogy a bankot megt\u00f6rn\u00e9. Term\u00e9kcsal\u00e1dunkban nagy sebess\u00e9g\u0171 hajsz\u00e1r\u00edt\u00f3k, hidegleveg\u0151s hajs\u00fct\u0151vasak, infrav\u00f6r\u00f6s f\u00e9ny\u0171 hajsz\u00e1r\u00edt\u00f3k \u00e9s egy\u00e9b egyedi, saj\u00e1t m\u00e1rk\u00e1s hajform\u00e1z\u00f3 eszk\u00f6z\u00f6k is megtal\u00e1lhat\u00f3k.<\/span><\/p>\n<p><span lang=\"EN-US\" style=\"font-family: 'Arial',sans-serif;\">Fektessen be az Olayer legjobb hajform\u00e1z\u00f3 eszk\u00f6zeibe <\/span><span lang=\"EN-US\"><a href=\"https:\/\/www.olayer.com\/hu\/\"><span style=\"font-family: 'Arial',sans-serif;\">hajkiegyenes\u00edt\u0151 gy\u00e1rt\u00f3ja<\/span><\/a><\/span><span lang=\"EN-US\" style=\"font-family: 'Arial',sans-serif;\"> \u00e9s emelje szalonj\u00e1t a k\u00f6vetkez\u0151 szintre. Rendeljen most, \u00e9s tapasztalja meg a k\u00fcl\u00f6nbs\u00e9get.<\/span><\/p>","protected":false},"excerpt":{"rendered":"<p>Hair Dryer Distributor: Navigating the Beauty Industry with Style Hair  [&#8230;]<\/p>\n","protected":false},"author":1,"featured_media":5629,"comment_status":"closed","ping_status":"closed","sticky":false,"template":"","format":"standard","meta":{"footnotes":""},"categories":[40],"tags":[1141],"class_list":["post-5683","post","type-post","status-publish","format-standard","has-post-thumbnail","hentry","category-hair-straightener-brush","tag-hair-dryer-distributor"],"_links":{"self":[{"href":"https:\/\/www.olayer.com\/hu\/wp-json\/wp\/v2\/posts\/5683","targetHints":{"allow":["GET"]}}],"collection":[{"href":"https:\/\/www.olayer.com\/hu\/wp-json\/wp\/v2\/posts"}],"about":[{"href":"https:\/\/www.olayer.com\/hu\/wp-json\/wp\/v2\/types\/post"}],"author":[{"embeddable":true,"href":"https:\/\/www.olayer.com\/hu\/wp-json\/wp\/v2\/users\/1"}],"replies":[{"embeddable":true,"href":"https:\/\/www.olayer.com\/hu\/wp-json\/wp\/v2\/comments?post=5683"}],"version-history":[{"count":0,"href":"https:\/\/www.olayer.com\/hu\/wp-json\/wp\/v2\/posts\/5683\/revisions"}],"wp:featuredmedia":[{"embeddable":true,"href":"https:\/\/www.olayer.com\/hu\/wp-json\/wp\/v2\/media\/5629"}],"wp:attachment":[{"href":"https:\/\/www.olayer.com\/hu\/wp-json\/wp\/v2\/media?parent=5683"}],"wp:term":[{"taxonomy":"category","embeddable":true,"href":"https:\/\/www.olayer.com\/hu\/wp-json\/wp\/v2\/categories?post=5683"},{"taxonomy":"post_tag","embeddable":true,"href":"https:\/\/www.olayer.com\/hu\/wp-json\/wp\/v2\/tags?post=5683"}],"curies":[{"name":"wp","href":"https:\/\/api.w.org\/{rel}","templated":true}]}}