{"id":5303,"date":"2023-02-12T15:07:05","date_gmt":"2023-02-12T15:07:05","guid":{"rendered":"https:\/\/www.olayer.com\/?p=5303"},"modified":"2023-02-16T17:07:05","modified_gmt":"2023-02-16T17:07:05","slug":"hogyan-lehet-hogy-a-hajad-ne-legyen-egett-szagu-egyenesites-utan","status":"publish","type":"post","link":"https:\/\/www.olayer.com\/hu\/hogyan-lehet-hogy-a-hajad-ne-legyen-egett-szagu-egyenesites-utan\/","title":{"rendered":"Hogyan lehet, hogy a hajad ne legyen \u00e9gett szag\u00fa kiegyenes\u00edt\u00e9s ut\u00e1n"},"content":{"rendered":"<div id=\"ez-toc-container\" class=\"ez-toc-v2_0_82_2 counter-hierarchy ez-toc-counter ez-toc-grey ez-toc-container-direction\">\n<div class=\"ez-toc-title-container\">\n<p class=\"ez-toc-title\" style=\"cursor:inherit\">Tartalomjegyz\u00e9k<\/p>\n<span class=\"ez-toc-title-toggle\"><a href=\"#\" class=\"ez-toc-pull-right ez-toc-btn ez-toc-btn-xs ez-toc-btn-default ez-toc-toggle\" aria-label=\"Toggle Tartalomjegyz\u00e9k\"><span class=\"ez-toc-js-icon-con\"><span class=\"\"><span class=\"eztoc-hide\" style=\"display:none;\">Toggle<\/span><span class=\"ez-toc-icon-toggle-span\"><svg style=\"fill: #999;color:#999\" xmlns=\"http:\/\/www.w3.org\/2000\/svg\" class=\"list-377408\" width=\"20px\" height=\"20px\" viewbox=\"0 0 24 24\" fill=\"none\"><path d=\"M6 6H4v2h2V6zm14 0H8v2h12V6zM4 11h2v2H4v-2zm16 0H8v2h12v-2zM4 16h2v2H4v-2zm16 0H8v2h12v-2z\" fill=\"currentColor\"><\/path><\/svg><svg style=\"fill: #999;color:#999\" class=\"arrow-unsorted-368013\" xmlns=\"http:\/\/www.w3.org\/2000\/svg\" width=\"10px\" height=\"10px\" viewbox=\"0 0 24 24\" version=\"1.2\" baseprofile=\"tiny\"><path d=\"M18.2 9.3l-6.2-6.3-6.2 6.3c-.2.2-.3.4-.3.7s.1.5.3.7c.2.2.4.3.7.3h11c.3 0 .5-.1.7-.3.2-.2.3-.5.3-.7s-.1-.5-.3-.7zM5.8 14.7l6.2 6.3 6.2-6.3c.2-.2.3-.5.3-.7s-.1-.5-.3-.7c-.2-.2-.4-.3-.7-.3h-11c-.3 0-.5.1-.7.3-.2.2-.3.5-.3.7s.1.5.3.7z\"\/><\/svg><\/span><\/span><\/span><\/a><\/span><\/div>\n<nav><ul class='ez-toc-list ez-toc-list-level-1' ><li class='ez-toc-page-1 ez-toc-heading-level-2'><a class=\"ez-toc-link ez-toc-heading-1\" href=\"https:\/\/www.olayer.com\/hu\/hogyan-lehet-hogy-a-hajad-ne-legyen-egett-szagu-egyenesites-utan\/#How_to_Make_Your_Hair_Not_Smell_Burnt_After_Straightening\" >Hogyan lehet, hogy a hajad ne legyen \u00e9gett szag\u00fa kiegyenes\u00edt\u00e9s ut\u00e1n<\/a><ul class='ez-toc-list-level-3' ><li class='ez-toc-heading-level-3'><a class=\"ez-toc-link ez-toc-heading-2\" href=\"https:\/\/www.olayer.com\/hu\/hogyan-lehet-hogy-a-hajad-ne-legyen-egett-szagu-egyenesites-utan\/#What_Causes_Burnt_Hair_Smell\" >Mi okozza az \u00e9gett haj szag\u00e1t?<\/a><\/li><li class='ez-toc-page-1 ez-toc-heading-level-3'><a class=\"ez-toc-link ez-toc-heading-3\" href=\"https:\/\/www.olayer.com\/hu\/hogyan-lehet-hogy-a-hajad-ne-legyen-egett-szagu-egyenesites-utan\/#How_to_Make_Your_Hair_Not_Smell_Burnt_After_Straightening_with_a_Cold_Air_Hair_Straightener_Iron\" >Hogyan lehet, hogy a hajad ne legyen \u00e9gett szag\u00fa a hideg leveg\u0151vel val\u00f3 kiegyenes\u00edt\u00e9s ut\u00e1n a hajvasal\u00f3val<\/a><ul class='ez-toc-list-level-4' ><li class='ez-toc-heading-level-4'><a class=\"ez-toc-link ez-toc-heading-4\" href=\"https:\/\/www.olayer.com\/hu\/hogyan-lehet-hogy-a-hajad-ne-legyen-egett-szagu-egyenesites-utan\/#Use_a_Cold_Air_Hair_Straightener_Iron\" >Haszn\u00e1lja a hideg leveg\u0151 hajkiegyenes\u00edt\u0151 vasal\u00f3t<\/a><\/li><li class='ez-toc-page-1 ez-toc-heading-level-4'><a class=\"ez-toc-link ez-toc-heading-5\" href=\"https:\/\/www.olayer.com\/hu\/hogyan-lehet-hogy-a-hajad-ne-legyen-egett-szagu-egyenesites-utan\/#Clean_Your_Hair_Before_Straightening\" >Tiszt\u00edtsa meg a haj\u00e1t kiegyenes\u00edt\u00e9s el\u0151tt<\/a><\/li><li class='ez-toc-page-1 ez-toc-heading-level-4'><a class=\"ez-toc-link ez-toc-heading-6\" href=\"https:\/\/www.olayer.com\/hu\/hogyan-lehet-hogy-a-hajad-ne-legyen-egett-szagu-egyenesites-utan\/#Use_a_Heat_Protectant\" >Haszn\u00e1ljon h\u0151v\u00e9d\u0151szert<\/a><\/li><li class='ez-toc-page-1 ez-toc-heading-level-4'><a class=\"ez-toc-link ez-toc-heading-7\" href=\"https:\/\/www.olayer.com\/hu\/hogyan-lehet-hogy-a-hajad-ne-legyen-egett-szagu-egyenesites-utan\/#Straighten_Your_Hair_in_Small_Sections\" >Egyenes\u00edtsd ki a hajad kis szakaszokban<\/a><\/li><li class='ez-toc-page-1 ez-toc-heading-level-4'><a class=\"ez-toc-link ez-toc-heading-8\" href=\"https:\/\/www.olayer.com\/hu\/hogyan-lehet-hogy-a-hajad-ne-legyen-egett-szagu-egyenesites-utan\/#Use_the_Right_Temperature_Setting\" >Haszn\u00e1lja a megfelel\u0151 h\u0151m\u00e9rs\u00e9klet-be\u00e1ll\u00edt\u00e1st<\/a><\/li><li class='ez-toc-page-1 ez-toc-heading-level-4'><a class=\"ez-toc-link ez-toc-heading-9\" href=\"https:\/\/www.olayer.com\/hu\/hogyan-lehet-hogy-a-hajad-ne-legyen-egett-szagu-egyenesites-utan\/#Avoid_Over-Straightening_Your_Hair\" >Ker\u00fclje el a t\u00falzott kiegyenesed\u00e9st a haj\u00e1t<\/a><\/li><li class='ez-toc-page-1 ez-toc-heading-level-4'><a class=\"ez-toc-link ez-toc-heading-10\" href=\"https:\/\/www.olayer.com\/hu\/hogyan-lehet-hogy-a-hajad-ne-legyen-egett-szagu-egyenesites-utan\/#Keep_Your_Hair_Straightener_Clean\" >Tartsa tiszt\u00e1n a hajkiegyenes\u00edt\u0151t<\/a><\/li><li class='ez-toc-page-1 ez-toc-heading-level-4'><a class=\"ez-toc-link ez-toc-heading-11\" href=\"https:\/\/www.olayer.com\/hu\/hogyan-lehet-hogy-a-hajad-ne-legyen-egett-szagu-egyenesites-utan\/#Make_Sure_your_hair_is_completely_dry\" >Gy\u0151z\u0151dj\u00f6n meg r\u00f3la, hogy a haja teljesen sz\u00e1raz<\/a><\/li><li class='ez-toc-page-1 ez-toc-heading-level-4'><a class=\"ez-toc-link ez-toc-heading-12\" href=\"https:\/\/www.olayer.com\/hu\/hogyan-lehet-hogy-a-hajad-ne-legyen-egett-szagu-egyenesites-utan\/#Use_a_Sulfate-Free_Shampoo_and_Conditioner\" >Haszn\u00e1ljon szulf\u00e1tmentes sampont \u00e9s kondicion\u00e1l\u00f3t<\/a><\/li><li class='ez-toc-page-1 ez-toc-heading-level-4'><a class=\"ez-toc-link ez-toc-heading-13\" href=\"https:\/\/www.olayer.com\/hu\/hogyan-lehet-hogy-a-hajad-ne-legyen-egett-szagu-egyenesites-utan\/#Allow_Your_Hair_to_Cool_Down\" >Hagyja a haj\u00e1t leh\u0171lni<\/a><\/li><li class='ez-toc-page-1 ez-toc-heading-level-4'><a class=\"ez-toc-link ez-toc-heading-14\" href=\"https:\/\/www.olayer.com\/hu\/hogyan-lehet-hogy-a-hajad-ne-legyen-egett-szagu-egyenesites-utan\/#Use_a_Deep_Conditioning_Treatment\" >Haszn\u00e1ljon m\u00e9lykondicion\u00e1l\u00f3 kezel\u00e9st<\/a><\/li><li class='ez-toc-page-1 ez-toc-heading-level-4'><a class=\"ez-toc-link ez-toc-heading-15\" href=\"https:\/\/www.olayer.com\/hu\/hogyan-lehet-hogy-a-hajad-ne-legyen-egett-szagu-egyenesites-utan\/#Avoid_Over-Blowing_Your_Hair\" >Ker\u00fclje a haj t\u00falf\u00faj\u00e1s\u00e1t<\/a><\/li><li class='ez-toc-page-1 ez-toc-heading-level-4'><a class=\"ez-toc-link ez-toc-heading-16\" href=\"https:\/\/www.olayer.com\/hu\/hogyan-lehet-hogy-a-hajad-ne-legyen-egett-szagu-egyenesites-utan\/#Avoid_Using_Chemicals_on_Your_Hair\" >Ker\u00fclje a vegyi anyagok haszn\u00e1lat\u00e1t a haj\u00e1n<\/a><ul class='ez-toc-list-level-5' ><li class='ez-toc-heading-level-5'><a class=\"ez-toc-link ez-toc-heading-17\" href=\"https:\/\/www.olayer.com\/hu\/hogyan-lehet-hogy-a-hajad-ne-legyen-egett-szagu-egyenesites-utan\/#In_conclusion\" >\u00d6sszefoglalva<\/a><\/li><\/ul><\/li><\/ul><\/li><\/ul><\/li><\/ul><\/nav><\/div>\n<h2><span class=\"ez-toc-section\" id=\"How_to_Make_Your_Hair_Not_Smell_Burnt_After_Straightening\"><\/span>Hogyan lehet, hogy a hajad ne legyen \u00e9gett szag\u00fa kiegyenes\u00edt\u00e9s ut\u00e1n<span class=\"ez-toc-section-end\"><\/span><\/h2>\n<p>A haj kiegyenes\u00edt\u00e9se id\u0151ig\u00e9nyes feladat lehet, de a v\u00e9geredm\u00e9ny mindig meg\u00e9ri. Az egyik probl\u00e9ma azonban, amellyel sokan szembes\u00fclnek a hajuk kiegyenes\u00edt\u00e9se sor\u00e1n, az \u00e9gett haj szaga. Ez egy kellemetlen szag lehet, amely sok\u00e1ig megmarad a haj\u00e1ban, miut\u00e1n befejezte a hajegyenes\u00edt\u00e9st. Ebben a cikkben arr\u00f3l lesz sz\u00f3, hogyan lehet el\u00e9rni, hogy a hajadnak ne legyen \u00e9gett szaga a hidegleveg\u0151s hajform\u00e1z\u00f3 eszk\u00f6zzel v\u00e9gzett hajegyenes\u00edt\u00e9s ut\u00e1n.<\/p>\n<div id=\"attachment_5311\" style=\"width: 315px\" class=\"wp-caption alignleft\"><img decoding=\"async\" aria-describedby=\"caption-attachment-5311\" class=\"lazyload  wp-image-5311\" src=\"https:\/\/www.olayer.com\/wp-content\/uploads\/2023\/02\/How-to-Make-Your-Hair-Not-Smell-Burnt-After-Straightening.jpg\" data-orig-src=\"https:\/\/www.olayer.com\/wp-content\/uploads\/2023\/02\/How-to-Make-Your-Hair-Not-Smell-Burnt-After-Straightening.jpg\" alt=\"Hogyan lehet, hogy a hajad ne legyen \u00e9gett szag\u00fa kiegyenes\u00edt\u00e9s ut\u00e1n\" width=\"305\" height=\"375\" title=\"\" srcset=\"data:image\/svg+xml,%3Csvg%20xmlns%3D%27http%3A%2F%2Fwww.w3.org%2F2000%2Fsvg%27%20width%3D%27305%27%20height%3D%27375%27%20viewBox%3D%270%200%20305%20375%27%3E%3Crect%20width%3D%27305%27%20height%3D%27375%27%20fill-opacity%3D%220%22%2F%3E%3C%2Fsvg%3E\" data-srcset=\"https:\/\/www.olayer.com\/wp-content\/uploads\/2023\/02\/How-to-Make-Your-Hair-Not-Smell-Burnt-After-Straightening-200x246.jpg 200w, https:\/\/www.olayer.com\/wp-content\/uploads\/2023\/02\/How-to-Make-Your-Hair-Not-Smell-Burnt-After-Straightening-244x300.jpg 244w, https:\/\/www.olayer.com\/wp-content\/uploads\/2023\/02\/How-to-Make-Your-Hair-Not-Smell-Burnt-After-Straightening-400x492.jpg 400w, https:\/\/www.olayer.com\/wp-content\/uploads\/2023\/02\/How-to-Make-Your-Hair-Not-Smell-Burnt-After-Straightening.jpg 526w\" data-sizes=\"auto\" data-orig-sizes=\"(max-width: 305px) 100vw, 305px\" \/><p id=\"caption-attachment-5311\" class=\"wp-caption-text\">Hogyan lehet, hogy a hajad ne legyen \u00e9gett szag\u00fa kiegyenes\u00edt\u00e9s ut\u00e1n<\/p><\/div>\n<h3><span class=\"ez-toc-section\" id=\"What_Causes_Burnt_Hair_Smell\"><\/span>Mi okozza az \u00e9gett haj szag\u00e1t?<span class=\"ez-toc-section-end\"><\/span><\/h3>\n<p>Miel\u0151tt belemer\u00fcln\u00e9nk abba, hogyan el\u0151zhetj\u00fck meg az \u00e9gett haj szag\u00e1t, el\u0151sz\u00f6r is \u00e9rts\u00fck meg, mi okozza azt. Az \u00e9gett haj szag\u00e1t az okozza, hogy a hajvasal\u00f3 f\u0171t\u0151elemei t\u00fal magas h\u0151m\u00e9rs\u00e9kletet \u00e9rnek el. Ez a haj s\u00e9r\u00fcl\u00e9s\u00e9t \u00e9s \u00e9gett szagot okozhat.<\/p>\n<p>Ezenk\u00edv\u00fcl a hajegyenget\u0151 haszn\u00e1lata piszkos hajon szint\u00e9n hozz\u00e1j\u00e1rulhat az \u00e9gett haj rossz szag\u00e1hoz. A hajsz\u00e1lon felhalmoz\u00f3dott szennyez\u0151d\u00e9sek \u00e9s olajok gyorsabb felmeleged\u00e9st okozhatnak, ami s\u00e9r\u00fclt hajat \u00e9s \u00e9gett szagot eredm\u00e9nyez.<\/p>\n<h3><span class=\"ez-toc-section\" id=\"How_to_Make_Your_Hair_Not_Smell_Burnt_After_Straightening_with_a_Cold_Air_Hair_Straightener_Iron\"><\/span>Hogyan lehet, hogy a hajad ne legyen \u00e9gett szag\u00fa a hideg leveg\u0151vel val\u00f3 kiegyenes\u00edt\u00e9s ut\u00e1n a hajvasal\u00f3val<span class=\"ez-toc-section-end\"><\/span><\/h3>\n<p>Az al\u00e1bbi l\u00e9p\u00e9sek adunk n\u00e9h\u00e1ny tippet, hogyan lehet a hajad nem szagolt \u00e9gett egyenget\u00e9s ut\u00e1n, ezeket a l\u00e9p\u00e9seket k\u00f6vetve, biztos vagyok benne, hogy a hajad nem lesz \u00e9s rossz szag\u00fa.<\/p>\n<h4><span class=\"ez-toc-section\" id=\"Use_a_Cold_Air_Hair_Straightener_Iron\"><\/span>Haszn\u00e1lja a hideg leveg\u0151 hajkiegyenes\u00edt\u0151 vasal\u00f3t<span class=\"ez-toc-section-end\"><\/span><\/h4>\n<p>A hideg leveg\u0151 hajkiegyenes\u00edt\u0151 vas egy olyan t\u00edpus\u00fa hajkiegyenes\u00edt\u0151, amely hideg leveg\u0151t haszn\u00e1l f\u00fajja a hajat k\u00f6zvetlen\u00fcl a meleg hajra, miut\u00e1n kiegyenes\u00edti. Ellent\u00e9tben a hagyom\u00e1nyos hajegyenes\u00edt\u0151kkel, amelyek h\u0151t haszn\u00e1lnak a haj kiegyenes\u00edt\u00e9s\u00e9hez.<\/p>\n<div id=\"attachment_5238\" style=\"width: 468px\" class=\"wp-caption alignright\"><img decoding=\"async\" aria-describedby=\"caption-attachment-5238\" class=\"lazyload  wp-image-5238\" src=\"https:\/\/www.olayer.com\/wp-content\/uploads\/2021\/12\/cold-air-flat-iron.png\" data-orig-src=\"https:\/\/www.olayer.com\/wp-content\/uploads\/2021\/12\/cold-air-flat-iron.png\" alt=\"hidegleveg\u0151s vasal\u00f3\" width=\"458\" height=\"339\" title=\"\" srcset=\"data:image\/svg+xml,%3Csvg%20xmlns%3D%27http%3A%2F%2Fwww.w3.org%2F2000%2Fsvg%27%20width%3D%27458%27%20height%3D%27339%27%20viewBox%3D%270%200%20458%20339%27%3E%3Crect%20width%3D%27458%27%20height%3D%27339%27%20fill-opacity%3D%220%22%2F%3E%3C%2Fsvg%3E\" data-srcset=\"https:\/\/www.olayer.com\/wp-content\/uploads\/2021\/12\/cold-air-flat-iron-200x148.png 200w, https:\/\/www.olayer.com\/wp-content\/uploads\/2021\/12\/cold-air-flat-iron-300x222.png 300w, https:\/\/www.olayer.com\/wp-content\/uploads\/2021\/12\/cold-air-flat-iron-400x296.png 400w, https:\/\/www.olayer.com\/wp-content\/uploads\/2021\/12\/cold-air-flat-iron-600x444.png 600w, https:\/\/www.olayer.com\/wp-content\/uploads\/2021\/12\/cold-air-flat-iron-768x568.png 768w, https:\/\/www.olayer.com\/wp-content\/uploads\/2021\/12\/cold-air-flat-iron-800x592.png 800w, https:\/\/www.olayer.com\/wp-content\/uploads\/2021\/12\/cold-air-flat-iron-1030x762.png 1030w, https:\/\/www.olayer.com\/wp-content\/uploads\/2021\/12\/cold-air-flat-iron-1200x888.png 1200w, https:\/\/www.olayer.com\/wp-content\/uploads\/2021\/12\/cold-air-flat-iron.png 1268w\" data-sizes=\"auto\" data-orig-sizes=\"(max-width: 458px) 100vw, 458px\" \/><p id=\"caption-attachment-5238\" class=\"wp-caption-text\">hidegleveg\u0151s vasal\u00f3<\/p><\/div>\n<p><a href=\"https:\/\/www.olayer.com\/hu\/termekek\/hideg-levego-hajvasalo\/\">Hideg leveg\u0151 hajkiegyenl\u00edt\u0151<\/a> h\u0171v\u00f6s leveg\u0151vel form\u00e1zza a haj\u00e1t, amint minden egyes hajsz\u00e1la \u00e1tcs\u00faszik a ker\u00e1mia lemezeken, a hideg sz\u00e9l leh\u0171ti a h\u0151s\u00e9gben l\u00e9v\u0151 haj\u00e1t, hogy megv\u00e9dje a hajat a h\u0151k\u00e1rosod\u00e1st\u00f3l. Ez azt jelenti, hogy kevesebb h\u0151hat\u00e1snak van kit\u00e9ve, \u00edgy cs\u00f6kken a hajk\u00e1rosod\u00e1s \u00e9s az \u00e9gett haj szag\u00e1nak kock\u00e1zata. az \u00e9gett haj szag\u00e1nak megel\u0151z\u00e9se a hidegleveg\u0151s hajegyenget\u0151 vasal\u00f3val t\u00f6rt\u00e9n\u0151 hajegyenget\u00e9s sor\u00e1n a megfelel\u0151 \u00f3vint\u00e9zked\u00e9sek megt\u00e9tele az els\u0151 l\u00e9p\u00e9st\u0151l kezdve.<\/p>\n<p>Cs\u00f6kkentheti a h\u0151k\u00e1rosod\u00e1s kock\u00e1zat\u00e1t, \u00e9s biztos\u00edthatja, hogy a haj\u00e1nak friss \u00e9s tiszta illata legyen minden kiegyenes\u00edt\u00e9s ut\u00e1n. Ak\u00e1r finom, ak\u00e1r vastag hajjal rendelkezik, a hidegleveg\u0151s hajegyenget\u0151 vasal\u00f3 haszn\u00e1lat\u00e1val, valamint a k\u00f6vetkez\u0151 l\u00e9p\u00e9sekkel a legjobb form\u00e1ba hozhatja a haj\u00e1t, l\u00e1togasson el a hidegleveg\u0151s hajegyenget\u0151 term\u00e9koldalunkra, hogy megismerje tov\u00e1bbi jellemz\u0151inket.<\/p>\n<h4><span class=\"ez-toc-section\" id=\"Clean_Your_Hair_Before_Straightening\"><\/span>Tiszt\u00edtsa meg a haj\u00e1t kiegyenes\u00edt\u00e9s el\u0151tt<span class=\"ez-toc-section-end\"><\/span><\/h4>\n<p>Fontos, hogy hajegyenes\u00edt\u00e9s el\u0151tt tiszt\u00edtsd meg a hajadat. A hajsz\u00e1lon felgy\u00fclemlett szennyez\u0151d\u00e9sek \u00e9s olajok gyorsabb felmeleged\u00e9st okozhatnak, ami k\u00e1rosod\u00e1shoz \u00e9s \u00e9gett szaghoz vezethet. Gy\u0151z\u0151dj\u00f6n meg r\u00f3la, hogy haj\u00e1t enyhe samponnal \u00e9s kondicion\u00e1l\u00f3val mossa meg, miel\u0151tt kiegyenes\u00edten\u00e9. Ez seg\u00edt elt\u00e1vol\u00edtani a lerak\u00f3d\u00e1sokat, \u00e9s biztos\u00edtja, hogy a hajad a legjobb \u00e1llapotban legyen, miel\u0151tt h\u0151hat\u00e1snak tenn\u00e9d ki.<\/p>\n<h4><span class=\"ez-toc-section\" id=\"Use_a_Heat_Protectant\"><\/span>Haszn\u00e1ljon h\u0151v\u00e9d\u0151szert<span class=\"ez-toc-section-end\"><\/span><\/h4>\n<p>Ha a haj kiegyenes\u00edt\u00e9se el\u0151tt h\u0151v\u00e9d\u0151 szert haszn\u00e1lsz, cs\u00f6kkentheted a s\u00e9r\u00fcl\u00e9s \u00e9s az \u00e9gett haj szag\u00e1nak kock\u00e1zat\u00e1t. A h\u0151v\u00e9d\u0151szerek \u00fagy m\u0171k\u00f6dnek, hogy g\u00e1tat k\u00e9peznek a haj \u00e9s a hajegyenget\u0151 h\u0151je k\u00f6z\u00f6tt. Ez seg\u00edt megel\u0151zni a haj k\u00e1rosod\u00e1s\u00e1t, \u00e9s cs\u00f6kkenti az \u00e9gett haj szag\u00e1nak kock\u00e1zat\u00e1t. \u00dcgyeljen arra, hogy egyenletesen kenje fel a h\u0151v\u00e9d\u0151szert a haj\u00e1ra, miel\u0151tt kiegyenes\u00edten\u00e9 azt.<\/p>\n<h4><span class=\"ez-toc-section\" id=\"Straighten_Your_Hair_in_Small_Sections\"><\/span>Egyenes\u00edtsd ki a hajad kis szakaszokban<span class=\"ez-toc-section-end\"><\/span><\/h4>\n<p>Hajegyenes\u00edt\u00e9skor fontos, hogy kis szakaszokban dolgozzunk. Ez seg\u00edt abban, hogy a haj egyenletesen kiegyenesedjen, \u00e9s cs\u00f6kkenti a haj s\u00e9r\u00fcl\u00e9s\u00e9nek kock\u00e1zat\u00e1t. Az is fontos, hogy ne siettesse a folyamatot, \u00e9s ne kapkodja el. Az id\u0151beoszt\u00e1s seg\u00edt megel\u0151zni a haj k\u00e1rosod\u00e1s\u00e1t, \u00e9s cs\u00f6kkenti az \u00e9gett hajszag kock\u00e1zat\u00e1t, kis mennyis\u00e9g\u0171 hajsz\u00e1lat vesz ig\u00e9nybe, jobb eredm\u00e9nyt is fog el\u00e9rni.<\/p>\n<h4><span class=\"ez-toc-section\" id=\"Use_the_Right_Temperature_Setting\"><\/span>Haszn\u00e1lja a megfelel\u0151 h\u0151m\u00e9rs\u00e9klet-be\u00e1ll\u00edt\u00e1st<span class=\"ez-toc-section-end\"><\/span><\/h4>\n<p>A hajkiegyenes\u00edt\u0151 h\u0151m\u00e9rs\u00e9klet\u00e9nek be\u00e1ll\u00edt\u00e1sa fontos az \u00e9gett haj szag\u00e1nak megel\u0151z\u00e9s\u00e9ben. \u00dcgyeljen arra, hogy a hajt\u00edpus\u00e1nak megfelel\u0151 h\u0151m\u00e9rs\u00e9klet-be\u00e1ll\u00edt\u00e1st haszn\u00e1lja. A finom haj jellemz\u0151en alacsonyabb h\u0151m\u00e9rs\u00e9klet-be\u00e1ll\u00edt\u00e1st ig\u00e9nyel, m\u00edg a vastagabb haj magasabb h\u0151m\u00e9rs\u00e9klet-be\u00e1ll\u00edt\u00e1st ig\u00e9nyelhet.<\/p>\n<p>Az is fontos, hogy elker\u00fclje a t\u00fal magas h\u0151m\u00e9rs\u00e9klet be\u00e1ll\u00edt\u00e1s\u00e1t, mivel ez okozhatja a haj s\u00e9r\u00fcl\u00e9s\u00e9t \u00e9s \u00e9gett hajszagot eredm\u00e9nyezhet, ha a hideg leveg\u0151 hajkiegyenes\u00edt\u0151nket haszn\u00e1lja, ami jobb lesz, mert m\u00e9g akkor is, ha magasabb h\u0151m\u00e9rs\u00e9kletet \u00e1ll\u00edt be, a hideg sz\u00e9l leh\u0171ti a h\u0151 hajh\u0151m\u00e9rs\u00e9klet\u00e9t, ez egy m\u00e1sik el\u0151nye a hideg sz\u00e9ls\u00fct\u0151vas haszn\u00e1lat\u00e1val.<\/p>\n<h4><span class=\"ez-toc-section\" id=\"Avoid_Over-Straightening_Your_Hair\"><\/span>Ker\u00fclje el a t\u00falzott kiegyenesed\u00e9st a haj\u00e1t<span class=\"ez-toc-section-end\"><\/span><\/h4>\n<p>A haj t\u00falzott kiegyenes\u00edt\u00e9se k\u00e1ros\u00edthatja a hajat, \u00e9s \u00e9gett hajszagot eredm\u00e9nyezhet. \u00dcgyeljen arra, hogy csak sz\u00fcks\u00e9g szerint egyenes\u00edtse ki a haj\u00e1t, \u00e9s ker\u00fclje a t\u00falzott egyenes\u00edt\u00e9s\u00e9t. Ha \u00fagy tal\u00e1lja, hogy gyakrabban kell kiegyenes\u00edtenie a haj\u00e1t, fontolja meg, hogy alacsonyabb h\u0151fokot haszn\u00e1ljon, vagy haszn\u00e1ljon h\u0151v\u00e9d\u0151szert, hogy cs\u00f6kkentse a k\u00e1rosod\u00e1s kock\u00e1zat\u00e1t. Emellett a hidegleveg\u0151s hajegyenget\u0151 vasal\u00f3 haszn\u00e1lata is seg\u00edthet cs\u00f6kkenteni a s\u00e9r\u00fcl\u00e9s kock\u00e1zat\u00e1t, mivel hideg leveg\u0151t haszn\u00e1l a haj form\u00e1z\u00e1s\u00e1hoz.<\/p>\n<h4><span class=\"ez-toc-section\" id=\"Keep_Your_Hair_Straightener_Clean\"><\/span>Tartsa tiszt\u00e1n a hajkiegyenes\u00edt\u0151t<span class=\"ez-toc-section-end\"><\/span><\/h4>\n<p>Fontos, hogy a hajegyenes\u00edt\u0151t tiszt\u00e1n tartsa, hogy elker\u00fclje az \u00e9gett haj szag\u00e1t. A hajkiegyenes\u00edt\u0151 f\u0171t\u0151elemeire rak\u00f3dott szennyez\u0151d\u00e9sek \u00e9s olajok miatt a haj gyorsabban felmelegszik, ami k\u00e1rosod\u00e1shoz \u00e9s \u00e9gett szaghoz vezethet. Hajegyenget\u0151j\u00e9nek tiszt\u00e1n tart\u00e1s\u00e1hoz egyszer\u0171en t\u00f6r\u00f6lje le nedves ruh\u00e1val minden haszn\u00e1lat ut\u00e1n.<\/p>\n<h4><span class=\"ez-toc-section\" id=\"Make_Sure_your_hair_is_completely_dry\"><\/span>Gy\u0151z\u0151dj\u00f6n meg r\u00f3la, hogy a haja teljesen sz\u00e1raz<span class=\"ez-toc-section-end\"><\/span><\/h4>\n<p>A nedves vagy nedves haj kiegyenes\u00edt\u00e9se komoly k\u00e1rokat okozhat a hajban, ami \u00e9gett hajszagot eredm\u00e9nyezhet. Fontos, hogy hajegyenget\u0151 haszn\u00e1lata el\u0151tt gy\u0151z\u0151dj\u00f6n meg arr\u00f3l, hogy a haja teljesen sz\u00e1raz, mivel ez seg\u00edt cs\u00f6kkenteni a k\u00e1rosod\u00e1s \u00e9s az \u00e9gett haj szag\u00e1nak kock\u00e1zat\u00e1t.<\/p>\n<p>Hagyhatja a haj\u00e1t leveg\u0151n sz\u00e1radni, vagy haszn\u00e1lhat hajsz\u00e1r\u00edt\u00f3t alacsony h\u0151fokon, hogy teljesen megsz\u00e1r\u00edtsa a haj\u00e1t, a legjobb megold\u00e1s a nagy sebess\u00e9g\u0171 hajsz\u00e1r\u00edt\u00f3 haszn\u00e1lata, ellen\u0151rizze az okot, hogy mi\u00e9rt haszn\u00e1lja. <strong><a href=\"https:\/\/olayerpro.com\/product\/high-speed-hair-dryer\/\" target=\"_blank\" rel=\"noopener\"><em>nagy sebess\u00e9g\u0171 hajsz\u00e1r\u00edt\u00f3<\/em><\/a><\/strong> a hajsz\u00e1r\u00edt\u00e1shoz. Azzal, hogy hajad teljesen sz\u00e1raz, miel\u0151tt kiegyenes\u00edten\u00e9d, megel\u0151zheted az \u00e9gett haj szag\u00e1t, \u00e9s biztos\u00edthatod, hogy hajad eg\u00e9szs\u00e9ges maradjon \u00e9s a lehet\u0151 legjobban n\u00e9zzen ki.<\/p>\n<h4><span class=\"ez-toc-section\" id=\"Use_a_Sulfate-Free_Shampoo_and_Conditioner\"><\/span>Haszn\u00e1ljon szulf\u00e1tmentes sampont \u00e9s kondicion\u00e1l\u00f3t<span class=\"ez-toc-section-end\"><\/span><\/h4>\n<p>A szulf\u00e1tmentes sampon \u00e9s kondicion\u00e1l\u00f3 haszn\u00e1lata seg\u00edthet megel\u0151zni az \u00e9gett haj szag\u00e1t. A szulf\u00e1tok olyan durva mos\u00f3szerek, amelyek megfosztj\u00e1k a hajat a term\u00e9szetes olajokt\u00f3l, \u00edgy az kisz\u00e1rad \u00e9s hajlamos a k\u00e1rosod\u00e1sra. A szulf\u00e1tmentes sampon \u00e9s kondicion\u00e1l\u00f3 haszn\u00e1lata seg\u00edt meg\u0151rizni a haj hidrat\u00e1lts\u00e1g\u00e1t, cs\u00f6kkentve a k\u00e1rosod\u00e1s \u00e9s az \u00e9gett haj szag\u00e1nak kock\u00e1zat\u00e1t.<\/p>\n<h4><span class=\"ez-toc-section\" id=\"Allow_Your_Hair_to_Cool_Down\"><\/span>Hagyja a haj\u00e1t leh\u0171lni<span class=\"ez-toc-section-end\"><\/span><\/h4>\n<p>Hajegyenes\u00edt\u00e9s ut\u00e1n fontos, hogy hagyja kih\u0171lni a haj\u00e1t, miel\u0151tt form\u00e1zza vagy b\u00e1rmilyen term\u00e9ket alkalmazna. A hajegyenes\u00edt\u0151t\u0151l sz\u00e1rmaz\u00f3 h\u0151 hat\u00e1s\u00e1ra a haj kutikul\u00e1k megny\u00edlhatnak, \u00edgy hajunk hajlamosabb lesz a s\u00e9r\u00fcl\u00e9sre \u00e9s az \u00e9gett haj szag\u00e1ra. Ha hagyja leh\u0171lni a haj\u00e1t, az seg\u00edt bez\u00e1rni a hajh\u00e1msejteket, cs\u00f6kkentve a s\u00e9r\u00fcl\u00e9s \u00e9s az \u00e9gett haj szag\u00e1nak kock\u00e1zat\u00e1t, a hidegleveg\u0151s hajvasal\u00f3 haszn\u00e1lata gyorsabban leh\u0171l, mint a hagyom\u00e1nyos hajvasal\u00f3\u00e9.<\/p>\n<h4><span class=\"ez-toc-section\" id=\"Use_a_Deep_Conditioning_Treatment\"><\/span>Haszn\u00e1ljon m\u00e9lykondicion\u00e1l\u00f3 kezel\u00e9st<span class=\"ez-toc-section-end\"><\/span><\/h4>\n<p>M\u00e9lykondicion\u00e1l\u00f3 kezel\u00e9ssel megel\u0151zhet\u0151 az \u00e9gett haj szaga. A m\u00e9lykondicion\u00e1l\u00f3 kezel\u00e9sek \u00fagy m\u0171k\u00f6dnek, hogy felt\u00f6ltik a haj nedvess\u00e9gtartalm\u00e1t, \u00edgy az puha \u00e9s eg\u00e9szs\u00e9ges lesz. Ez seg\u00edt cs\u00f6kkenteni a hajk\u00e1rosod\u00e1s kock\u00e1zat\u00e1t is, valamint seg\u00edt megel\u0151zni az \u00e9gett haj szag\u00e1t. Pr\u00f3b\u00e1lja ki, hogy hetente egyszer m\u00e9lykondicion\u00e1l\u00f3 kezel\u00e9st haszn\u00e1l, hogy meg\u0151rizze haja eg\u00e9szs\u00e9g\u00e9t \u00e9s megel\u0151zze az \u00e9gett haj szag\u00e1t.<\/p>\n<h4><span class=\"ez-toc-section\" id=\"Avoid_Over-Blowing_Your_Hair\"><\/span>Ker\u00fclje a haj t\u00falf\u00faj\u00e1s\u00e1t<span class=\"ez-toc-section-end\"><\/span><\/h4>\n<p>A haj t\u00falf\u00faj\u00e1sa miatt a haj sz\u00e1raz vagy g\u00f6nd\u00f6r \u00e9s hajlamos a s\u00e9r\u00fcl\u00e9sre, ami \u00e9gett hajszagot eredm\u00e9nyezhet. Hajsz\u00e1r\u00edt\u00e1skor \u00fcgyeljen arra, hogy alacsony h\u0151fokozatot haszn\u00e1ljon, \u00e9s ker\u00fclje a t\u00falf\u00faj\u00e1st, a magas h\u0151fokozat\u00fa hajsz\u00e1r\u00edt\u00e1s a haj\u00e1t is meg\u00e9geti.<\/p>\n<div id=\"attachment_5309\" style=\"width: 1320px\" class=\"wp-caption alignnone\"><img decoding=\"async\" aria-describedby=\"caption-attachment-5309\" class=\"lazyload size-full wp-image-5309\" src=\"https:\/\/www.olayer.com\/wp-content\/uploads\/2023\/02\/High-speed-hair-dryer.jpg\" data-orig-src=\"https:\/\/www.olayer.com\/wp-content\/uploads\/2023\/02\/High-speed-hair-dryer.jpg\" alt=\"Nagy sebess\u00e9g\u0171 hajsz\u00e1r\u00edt\u00f3\" width=\"1310\" height=\"927\" title=\"\" srcset=\"data:image\/svg+xml,%3Csvg%20xmlns%3D%27http%3A%2F%2Fwww.w3.org%2F2000%2Fsvg%27%20width%3D%271310%27%20height%3D%27927%27%20viewBox%3D%270%200%201310%20927%27%3E%3Crect%20width%3D%271310%27%20height%3D%27927%27%20fill-opacity%3D%220%22%2F%3E%3C%2Fsvg%3E\" data-srcset=\"https:\/\/www.olayer.com\/wp-content\/uploads\/2023\/02\/High-speed-hair-dryer-200x142.jpg 200w, https:\/\/www.olayer.com\/wp-content\/uploads\/2023\/02\/High-speed-hair-dryer-300x212.jpg 300w, https:\/\/www.olayer.com\/wp-content\/uploads\/2023\/02\/High-speed-hair-dryer-400x283.jpg 400w, https:\/\/www.olayer.com\/wp-content\/uploads\/2023\/02\/High-speed-hair-dryer-600x425.jpg 600w, https:\/\/www.olayer.com\/wp-content\/uploads\/2023\/02\/High-speed-hair-dryer-768x543.jpg 768w, https:\/\/www.olayer.com\/wp-content\/uploads\/2023\/02\/High-speed-hair-dryer-800x566.jpg 800w, https:\/\/www.olayer.com\/wp-content\/uploads\/2023\/02\/High-speed-hair-dryer-1030x729.jpg 1030w, https:\/\/www.olayer.com\/wp-content\/uploads\/2023\/02\/High-speed-hair-dryer-1200x849.jpg 1200w, https:\/\/www.olayer.com\/wp-content\/uploads\/2023\/02\/High-speed-hair-dryer.jpg 1310w\" data-sizes=\"auto\" data-orig-sizes=\"(max-width: 1310px) 100vw, 1310px\" \/><p id=\"caption-attachment-5309\" class=\"wp-caption-text\">Nagy sebess\u00e9g\u0171 hajsz\u00e1r\u00edt\u00f3<\/p><\/div>\n<p>Azt is el kell ker\u00fclnie, hogy hosszabb ideig hajsz\u00e1r\u00edt\u00f3t haszn\u00e1ljon, mivel ez a haj k\u00e1rosod\u00e1s\u00e1t okozhatja, \u00e9s \u00e9gett hajszagot eredm\u00e9nyezhet.Javasoljuk, hogy nagy sebess\u00e9g\u0171 hajsz\u00e1r\u00edt\u00f3t haszn\u00e1ljon a hajsz\u00e1r\u00edt\u00e1shoz, ez az egyik legjobb hajsz\u00e1r\u00edt\u00f3 a vil\u00e1gon, amely nem k\u00e1ros\u00edtja a haj\u00e1t, sok nagy technol\u00f3gi\u00e1t tartalmaz ez a nagy sebess\u00e9g\u0171 hajsz\u00e1r\u00edt\u00f3, hogy megv\u00e9dje a haj\u00e1t a h\u0151k\u00e1rosod\u00e1st\u00f3l, menjen a mi\u00e9nkbe. <strong><a href=\"https:\/\/www.olayer.com\/hu\/termekek\/nagy-sebessegu-hajszarito\/\">nagy sebess\u00e9g\u0171 hajsz\u00e1r\u00edt\u00f3<\/a><\/strong> term\u00e9koldal, hogy r\u00e9szletesebben megismerje a funkci\u00f3kat.<\/p>\n<h4><span class=\"ez-toc-section\" id=\"Avoid_Using_Chemicals_on_Your_Hair\"><\/span>Ker\u00fclje a vegyi anyagok haszn\u00e1lat\u00e1t a haj\u00e1n<span class=\"ez-toc-section-end\"><\/span><\/h4>\n<p>A vegyi anyagok haszn\u00e1lata a hajon, p\u00e9ld\u00e1ul a fest\u00e9kek \u00e9s a sz\u0151k\u00edt\u0151szerek, k\u00e1ros\u00edthatj\u00e1k a hajat, \u00e9s \u00e9gett hajszagot eredm\u00e9nyezhetnek. Ha hajfest\u00e9st vagy sz\u0151k\u00edt\u00e9st tervezel, gy\u0151z\u0151dj meg r\u00f3la, hogy olyan term\u00e9ket haszn\u00e1lsz, amely biztons\u00e1gos a hajt\u00edpusodhoz. Emellett ker\u00fclje, hogy a sz\u00fcks\u00e9gesn\u00e9l gyakrabban haszn\u00e1ljon vegyszereket a haj\u00e1n, mivel ez n\u00f6velheti a k\u00e1rosod\u00e1s \u00e9s az \u00e9gett haj szag\u00e1nak kock\u00e1zat\u00e1t.<\/p>\n<p>A fenti l\u00e9p\u00e9seket k\u00f6vetve biztos vagyok benne, hogy tudja <em>Hogyan lehet, hogy a hajad ne legyen \u00e9gett szag\u00fa kiegyenes\u00edt\u00e9s ut\u00e1n<\/em>, \u00e9s t\u00f6bb tapasztalata lesz, hogy gondoskodjon a haj eg\u00e9szs\u00e9g\u00e9r\u0151l.<\/p>\n<h5><span class=\"ez-toc-section\" id=\"In_conclusion\"><\/span>\u00d6sszefoglalva<span class=\"ez-toc-section-end\"><\/span><\/h5>\n<p>Az, hogy a hajadnak ne legyen \u00e9gett szaga a hajegyenes\u00edt\u00e9s ut\u00e1n, a megfelel\u0151 \u00f3vint\u00e9zked\u00e9sek megt\u00e9tel\u00e9nek k\u00e9rd\u00e9se. Ha k\u00f6veti ezeket a tippeket, cs\u00f6kkentheti a k\u00e1rosod\u00e1s kock\u00e1zat\u00e1t, \u00e9s biztos\u00edthatja, hogy a haj\u00e1nak friss \u00e9s tiszta illata legyen minden hajegyenes\u00edt\u00e9s ut\u00e1n. Ak\u00e1r finom, ak\u00e1r vastag hajad van, a hidegleveg\u0151s hajegyenget\u0151 vasal\u00f3, a h\u0151v\u00e9d\u0151szer, valamint a szulf\u00e1tmentes sampon \u00e9s kondicion\u00e1l\u00f3 haszn\u00e1lata seg\u00edthet megel\u0151zni az \u00e9gett haj szag\u00e1t, \u00e9s a hajad a lehet\u0151 legjobban fog kin\u00e9zni.<\/p>\n<p>Ezenk\u00edv\u00fcl az is seg\u00edthet megel\u0151zni az \u00e9gett haj szag\u00e1t, ha hagyja leh\u0171lni a haj\u00e1t, ha m\u00e9lykondicion\u00e1l\u00f3 kezel\u00e9st haszn\u00e1l, ha nem f\u00fajja t\u00fal a haj\u00e1t, vagy nem haszn\u00e1l nagy sebess\u00e9g\u0171 hajsz\u00e1r\u00edt\u00f3t, \u00e9s ha nem haszn\u00e1l vegyszereket a haj\u00e1n. Egy kis extra gondoskod\u00e1ssal \u00e9s odafigyel\u00e9ssel minden hajegyenes\u00edt\u00e9s ut\u00e1n frissen illatozhat \u00e9s a lehet\u0151 legjobban n\u00e9zhet ki a hajad.<\/p>","protected":false},"excerpt":{"rendered":"<p>How to Make Your Hair Not Smell Burnt After Straightening  [&#8230;]<\/p>\n","protected":false},"author":1,"featured_media":4356,"comment_status":"closed","ping_status":"closed","sticky":false,"template":"","format":"standard","meta":{"footnotes":""},"categories":[461,892],"tags":[1106],"class_list":["post-5303","post","type-post","status-publish","format-standard","has-post-thumbnail","hentry","category-hair-straightener","category-hair-styling-tools","tag-how-to-make-your-hair-not-smell-burnt-after-straightening"],"_links":{"self":[{"href":"https:\/\/www.olayer.com\/hu\/wp-json\/wp\/v2\/posts\/5303","targetHints":{"allow":["GET"]}}],"collection":[{"href":"https:\/\/www.olayer.com\/hu\/wp-json\/wp\/v2\/posts"}],"about":[{"href":"https:\/\/www.olayer.com\/hu\/wp-json\/wp\/v2\/types\/post"}],"author":[{"embeddable":true,"href":"https:\/\/www.olayer.com\/hu\/wp-json\/wp\/v2\/users\/1"}],"replies":[{"embeddable":true,"href":"https:\/\/www.olayer.com\/hu\/wp-json\/wp\/v2\/comments?post=5303"}],"version-history":[{"count":0,"href":"https:\/\/www.olayer.com\/hu\/wp-json\/wp\/v2\/posts\/5303\/revisions"}],"wp:featuredmedia":[{"embeddable":true,"href":"https:\/\/www.olayer.com\/hu\/wp-json\/wp\/v2\/media\/4356"}],"wp:attachment":[{"href":"https:\/\/www.olayer.com\/hu\/wp-json\/wp\/v2\/media?parent=5303"}],"wp:term":[{"taxonomy":"category","embeddable":true,"href":"https:\/\/www.olayer.com\/hu\/wp-json\/wp\/v2\/categories?post=5303"},{"taxonomy":"post_tag","embeddable":true,"href":"https:\/\/www.olayer.com\/hu\/wp-json\/wp\/v2\/tags?post=5303"}],"curies":[{"name":"wp","href":"https:\/\/api.w.org\/{rel}","templated":true}]}}