{"id":4965,"date":"2022-05-03T04:21:21","date_gmt":"2022-05-03T04:21:21","guid":{"rendered":"https:\/\/www.olayer.com\/?p=4965"},"modified":"2023-10-22T02:30:57","modified_gmt":"2023-10-22T02:30:57","slug":"nagykereskedelmi-hajszarito","status":"publish","type":"post","link":"https:\/\/www.olayer.com\/hu\/nagykereskedelmi-hajszarito\/","title":{"rendered":"Nagykereskedelmi hajsz\u00e1r\u00edt\u00f3"},"content":{"rendered":"<div id=\"ez-toc-container\" class=\"ez-toc-v2_0_82_2 counter-hierarchy ez-toc-counter ez-toc-grey ez-toc-container-direction\">\n<div class=\"ez-toc-title-container\">\n<p class=\"ez-toc-title\" style=\"cursor:inherit\">Tartalomjegyz\u00e9k<\/p>\n<span class=\"ez-toc-title-toggle\"><a href=\"#\" class=\"ez-toc-pull-right ez-toc-btn ez-toc-btn-xs ez-toc-btn-default ez-toc-toggle\" aria-label=\"Toggle Tartalomjegyz\u00e9k\"><span class=\"ez-toc-js-icon-con\"><span class=\"\"><span class=\"eztoc-hide\" style=\"display:none;\">Toggle<\/span><span class=\"ez-toc-icon-toggle-span\"><svg style=\"fill: #999;color:#999\" xmlns=\"http:\/\/www.w3.org\/2000\/svg\" class=\"list-377408\" width=\"20px\" height=\"20px\" viewbox=\"0 0 24 24\" fill=\"none\"><path d=\"M6 6H4v2h2V6zm14 0H8v2h12V6zM4 11h2v2H4v-2zm16 0H8v2h12v-2zM4 16h2v2H4v-2zm16 0H8v2h12v-2z\" fill=\"currentColor\"><\/path><\/svg><svg style=\"fill: #999;color:#999\" class=\"arrow-unsorted-368013\" xmlns=\"http:\/\/www.w3.org\/2000\/svg\" width=\"10px\" height=\"10px\" viewbox=\"0 0 24 24\" version=\"1.2\" baseprofile=\"tiny\"><path d=\"M18.2 9.3l-6.2-6.3-6.2 6.3c-.2.2-.3.4-.3.7s.1.5.3.7c.2.2.4.3.7.3h11c.3 0 .5-.1.7-.3.2-.2.3-.5.3-.7s-.1-.5-.3-.7zM5.8 14.7l6.2 6.3 6.2-6.3c.2-.2.3-.5.3-.7s-.1-.5-.3-.7c-.2-.2-.4-.3-.7-.3h-11c-.3 0-.5.1-.7.3-.2.2-.3.5-.3.7s.1.5.3.7z\"\/><\/svg><\/span><\/span><\/span><\/a><\/span><\/div>\n<nav><ul class='ez-toc-list ez-toc-list-level-1' ><li class='ez-toc-page-1 ez-toc-heading-level-1'><a class=\"ez-toc-link ez-toc-heading-1\" href=\"https:\/\/www.olayer.com\/hu\/nagykereskedelmi-hajszarito\/#What_means_of_wholesale_hair_dryer\" >Milyen eszk\u00f6z\u00f6kkel nagykereskedelmi hajsz\u00e1r\u00edt\u00f3<\/a><ul class='ez-toc-list-level-3' ><li class='ez-toc-heading-level-3'><ul class='ez-toc-list-level-3' ><li class='ez-toc-heading-level-3'><a class=\"ez-toc-link ez-toc-heading-2\" href=\"https:\/\/www.olayer.com\/hu\/nagykereskedelmi-hajszarito\/#How_to_find_the_best_wholesale_hair_dryer_for_your_business\" >Hogyan tal\u00e1lja meg a legjobb nagykereskedelmi hajsz\u00e1r\u00edt\u00f3t v\u00e1llalkoz\u00e1sa sz\u00e1m\u00e1ra?<\/a><\/li><\/ul><\/li><li class='ez-toc-page-1 ez-toc-heading-level-2'><a class=\"ez-toc-link ez-toc-heading-3\" href=\"https:\/\/www.olayer.com\/hu\/nagykereskedelmi-hajszarito\/#Olayer_is_the_best_Wholesale_hair_dryer\" >Olayer a legjobb nagykereskedelmi hajsz\u00e1r\u00edt\u00f3<\/a><\/li><li class='ez-toc-page-1 ez-toc-heading-level-2'><a class=\"ez-toc-link ez-toc-heading-4\" href=\"https:\/\/www.olayer.com\/hu\/nagykereskedelmi-hajszarito\/#Ion_lightweight_wholesale_Hair_Dryer\" >Ion k\u00f6nny\u0171 nagykereskedelmi hajsz\u00e1r\u00edt\u00f3<\/a><\/li><\/ul><\/li><\/ul><\/nav><\/div>\n<h1><span class=\"ez-toc-section\" id=\"What_means_of_wholesale_hair_dryer\"><\/span>Milyen eszk\u00f6z\u00f6kkel nagykereskedelmi hajsz\u00e1r\u00edt\u00f3<span class=\"ez-toc-section-end\"><\/span><\/h1>\n<p><a href=\"https:\/\/www.olayer.com\/hu\/nagykereskedelmi-hajszarito\/\">Nagykereskedelmi hajsz\u00e1r\u00edt\u00f3<\/a> professzion\u00e1lis min\u0151s\u00e9g\u0171 hajsz\u00e1r\u00edt\u00f3 g\u00e9p, amelyet \u00f6mlesztve \u00e9rt\u00e9kes\u00edtenek kiskeresked\u0151knek vagy forgalmaz\u00f3knak, \u00e1ltal\u00e1ban kedvezm\u00e9nyes \u00e1ron. A nagykereskedelmi hajsz\u00e1r\u00edt\u00f3kat \u00e1ltal\u00e1ban \u00fagy tervezt\u00e9k, hogy tart\u00f3sabbak, hat\u00e9konyabbak \u00e9s er\u0151sebbek legyenek, mint a hagyom\u00e1nyos fogyaszt\u00f3i hajsz\u00e1r\u00edt\u00f3k.<\/p>\n<p>Ezek sz\u00e1mos funkci\u00f3val \u00e9s tartoz\u00e9kkal is rendelkezhetnek, p\u00e9ld\u00e1ul t\u00f6bb h\u0151- \u00e9s sebess\u00e9gfokozat, diff\u00fazorok, koncentr\u00e1torok \u00e9s h\u0171v\u00f6s l\u00f6v\u00e9s gombok. A nagykereskedelmi hajsz\u00e1r\u00edt\u00f3kat \u00e1ltal\u00e1ban fodr\u00e1szszalonokban \u00e9s gy\u00f3gyf\u00fcrd\u0151kben haszn\u00e1lj\u00e1k, de olyan mag\u00e1nszem\u00e9lyek is megv\u00e1s\u00e1rolhatj\u00e1k \u0151ket, akik otthon is szalonmin\u0151s\u00e9g\u0171 hajform\u00e1z\u00e1si eredm\u00e9nyeket szeretn\u00e9nek el\u00e9rni.<\/p>\n<p>Ha a term\u00e9keket eredeti gy\u00e1rt\u00f3kt\u00f3l vagy forgalmaz\u00f3kt\u00f3l \u00f6mlesztve v\u00e1s\u00e1rolja meg, az egys\u00e9genk\u00e9nti k\u00f6lts\u00e9g \u00e1ltal\u00e1ban alacsonyabb, mint az egyedi egys\u00e9gek v\u00e1s\u00e1rl\u00e1sa. Ez lehet\u0151v\u00e9 teszi a kiskeresked\u0151k vagy m\u00e1s v\u00e1s\u00e1rl\u00f3k sz\u00e1m\u00e1ra, hogy a term\u00e9keket nyeres\u00e9ggel \u00e9rt\u00e9kes\u00edts\u00e9k, mik\u00f6zben tov\u00e1bbra is versenyk\u00e9pes \u00e1rakat k\u00edn\u00e1lnak \u00fcgyfeleiknek.<\/p>\n<p>A nagykereskedelmi hajsz\u00e1r\u00edt\u00f3k eset\u00e9ben a nagy t\u00e9telben t\u00f6rt\u00e9n\u0151 v\u00e1s\u00e1rl\u00e1s jelent\u0151s k\u00f6lts\u00e9gmegtakar\u00edt\u00e1st jelenthet a kiskereskedelmi \u00e1rakon t\u00f6rt\u00e9n\u0151 egyedi v\u00e1s\u00e1rl\u00e1shoz k\u00e9pest. Fontos azonban megjegyezni, hogy a nagykereskedelmi \u00e1rak a megv\u00e1s\u00e1rolt m\u00e1rk\u00e1t\u00f3l, modellt\u0151l \u00e9s mennyis\u00e9gt\u0151l f\u00fcgg\u0151en v\u00e1ltozhatnak.<img decoding=\"async\" class=\"lazyload  wp-image-4132 alignleft\" src=\"https:\/\/www.olayer.com\/wp-content\/uploads\/2021\/12\/2300-watt-hair-dryer.jpg\" data-orig-src=\"https:\/\/www.olayer.com\/wp-content\/uploads\/2021\/12\/2300-watt-hair-dryer.jpg\" alt=\"Nagykereskedelmi hajsz\u00e1r\u00edt\u00f3\" width=\"358\" height=\"357\" title=\"\" srcset=\"data:image\/svg+xml,%3Csvg%20xmlns%3D%27http%3A%2F%2Fwww.w3.org%2F2000%2Fsvg%27%20width%3D%27358%27%20height%3D%27357%27%20viewBox%3D%270%200%20358%20357%27%3E%3Crect%20width%3D%27358%27%20height%3D%27357%27%20fill-opacity%3D%220%22%2F%3E%3C%2Fsvg%3E\" data-srcset=\"https:\/\/www.olayer.com\/wp-content\/uploads\/2021\/12\/2300-watt-hair-dryer-66x66.jpg 66w, https:\/\/www.olayer.com\/wp-content\/uploads\/2021\/12\/2300-watt-hair-dryer-80x80.jpg 80w, https:\/\/www.olayer.com\/wp-content\/uploads\/2021\/12\/2300-watt-hair-dryer-200x199.jpg 200w, https:\/\/www.olayer.com\/wp-content\/uploads\/2021\/12\/2300-watt-hair-dryer-300x300.jpg 300w, https:\/\/www.olayer.com\/wp-content\/uploads\/2021\/12\/2300-watt-hair-dryer-400x399.jpg 400w, https:\/\/www.olayer.com\/wp-content\/uploads\/2021\/12\/2300-watt-hair-dryer-600x598.jpg 600w, https:\/\/www.olayer.com\/wp-content\/uploads\/2021\/12\/2300-watt-hair-dryer.jpg 602w\" data-sizes=\"auto\" data-orig-sizes=\"(max-width: 358px) 100vw, 358px\" \/><\/p>\n<h3><span class=\"ez-toc-section\" id=\"How_to_find_the_best_wholesale_hair_dryer_for_your_business\"><\/span>Hogyan tal\u00e1lja meg a legjobb nagykereskedelmi hajsz\u00e1r\u00edt\u00f3t v\u00e1llalkoz\u00e1sa sz\u00e1m\u00e1ra?<span class=\"ez-toc-section-end\"><\/span><\/h3>\n<p>Ha nagykereskedelmi hajsz\u00e1r\u00edt\u00f3kat szeretne v\u00e1s\u00e1rolni v\u00e1llalkoz\u00e1sa sz\u00e1m\u00e1ra, itt van n\u00e9h\u00e1ny l\u00e9p\u00e9s, amelyet megtehet a legjobb term\u00e9kek megtal\u00e1l\u00e1sa \u00e9rdek\u00e9ben:<\/p>\n<ol>\n<li>Hat\u00e1rozza meg a k\u00f6lts\u00e9gvet\u00e9s\u00e9t: Miel\u0151tt elkezden\u00e9 a nagykereskedelmi hajsz\u00e1r\u00edt\u00f3k v\u00e1s\u00e1rl\u00e1s\u00e1t, tiszt\u00e1ban kell lennie azzal, hogy mennyit hajland\u00f3 k\u00f6lteni. Ez seg\u00edt lesz\u0171k\u00edteni a lehet\u0151s\u00e9geket \u00e9s elker\u00fclni a t\u00falk\u00f6ltekez\u00e9st.<\/li>\n<li>M\u00e1rk\u00e1k \u00e9s modellek kutat\u00e1sa: Term\u00e9szetesen rendelhet saj\u00e1t m\u00e1rk\u00e1s hajsz\u00e1r\u00edt\u00f3t nagykereskedelmi \u00e1ron, ez teszi a m\u00e1rk\u00e1k nev\u00e9t a piacon.<\/li>\n<li>Ellen\u0151rizze a garanci\u00e1kat: Gy\u0151z\u0151dj\u00f6n meg r\u00f3la, hogy a fontol\u00f3ra vett nagykereskedelmi hajsz\u00e1r\u00edt\u00f3k garanci\u00e1val vagy j\u00f3t\u00e1ll\u00e1ssal rendelkeznek. Ez nyugalmat \u00e9s v\u00e9delmet ny\u00fajthat \u00d6nnek hib\u00e1k vagy meghib\u00e1sod\u00e1sok eset\u00e9n.<\/li>\n<li>Vegye figyelembe a sz\u00e1ll\u00edt\u00e1si \u00e9s kezel\u00e9si k\u00f6lts\u00e9geket: Ha nagykereskedelmi hajsz\u00e1r\u00edt\u00f3kat v\u00e1s\u00e1rol, akkor figyelembe kell vennie a sz\u00e1ll\u00edt\u00e1si \u00e9s kezel\u00e9si k\u00f6lts\u00e9geket. Keressen olyan besz\u00e1ll\u00edt\u00f3kat, akik \u00e9sszer\u0171 \u00e1rakat \u00e9s megb\u00edzhat\u00f3 sz\u00e1ll\u00edt\u00e1st k\u00edn\u00e1lnak.<\/li>\n<li>\u00c1rak \u00f6sszehasonl\u00edt\u00e1sa: V\u00e9g\u00fcl hasonl\u00edtsa \u00f6ssze a k\u00fcl\u00f6nb\u00f6z\u0151 besz\u00e1ll\u00edt\u00f3k \u00e1rait, hogy megtal\u00e1lja a legjobb aj\u00e1nlatot a nagykereskedelmi hajsz\u00e1r\u00edt\u00f3kra. Ne feledje, hogy a legalacsonyabb \u00e1r nem mindig jelenti a legjobb \u00e9rt\u00e9ket, ez\u00e9rt a d\u00f6nt\u00e9s meghozatala el\u0151tt vegye figyelembe a sz\u00f3ba j\u00f6het\u0151 term\u00e9kek \u00e1ltal\u00e1nos min\u0151s\u00e9g\u00e9t \u00e9s jellemz\u0151it.<\/li>\n<\/ol>\n<h2><span class=\"ez-toc-section\" id=\"Olayer_is_the_best_Wholesale_hair_dryer\"><\/span>Olayer a legjobb nagykereskedelmi hajsz\u00e1r\u00edt\u00f3<span class=\"ez-toc-section-end\"><\/span><\/h2>\n<p><strong><em>Nagykereskedelmi hajsz\u00e1r\u00edt\u00f3<\/em><\/strong> az Olayer saj\u00e1t m\u00e1rka \u00e1ltal testreszabott <a href=\"https:\/\/www.olayer.com\/hu\/porcelan-hajszarito-gyartok\/\">hajsz\u00e1r\u00edt\u00f3 gy\u00e1rt\u00f3<\/a> nagyon n\u00e9pszer\u0171 v\u00e1laszt\u00e1s a professzion\u00e1lis fodr\u00e1szok k\u00f6r\u00e9ben. A hajsz\u00e1r\u00edt\u00f3k n\u00e9lk\u00fcl\u00f6zhetetlen h\u00e1ztart\u00e1si eszk\u00f6znek sz\u00e1m\u00edtanak, k\u00fcl\u00f6n\u00f6sen azok sz\u00e1m\u00e1ra, akik szeretik a hajukat form\u00e1zni \u00e9s k\u00eds\u00e9rletezni vele. Egy siet\u0151s samponoz\u00e1s ut\u00e1n egy hajsz\u00e1r\u00edt\u00f3 haszn\u00e1lata, amely seg\u00edthet abban, hogy gyorsan megsz\u00e1r\u00edtsa a haj\u00e1t, hogy k\u00e9szen \u00e1lljon a munk\u00e1ra. Ha a r\u00e9gi m\u00e1r nem m\u0171k\u00f6dik, \u00e9s egy \u00fajat keres a hely\u00e9re, akkor \u00e9rdemes megfontolni a saj\u00e1t m\u00e1rk\u00e1s testreszabott hajsz\u00e1r\u00edt\u00f3t. <em>nagykereskedelmi hajsz\u00e1r\u00edt\u00f3<\/em> term\u00e9kek.<\/p>\n<p>Ez a saj\u00e1t m\u00e1rk\u00e1s nagykereskedelmi hajsz\u00e1r\u00edt\u00f3 term\u00e9kek k\u00f6nny\u0171 \u00e9s er\u0151teljes, egyedi LOGO-val, a hajsz\u00e1r\u00edt\u00f3k vil\u00e1g\u00e1ban h\u00edres. N\u00e9pszer\u0171 a k\u00f6nny\u0171 s\u00faly\u00fa kialak\u00edt\u00e1suk \u00e9s a hajsz\u00e1r\u00edt\u00f3 gyorsabb sz\u00e1r\u00edt\u00e1s\u00e1ra val\u00f3 k\u00e9pess\u00e9g\u00fck miatt, mint a legt\u00f6bb hajsz\u00e1r\u00edt\u00f3. Ez a k\u00f6nny\u0171 nagykereskedelmi hajsz\u00e1r\u00edt\u00f3 sz\u00e1r\u00edtja a hajat extra sz\u00e1raz vagy g\u00f6nd\u00f6r \u00e9s z\u00e1rja a nedvess\u00e9get, amely professzion\u00e1lis eredm\u00e9nyeket biztos\u00edt. Ez az ion nagykereskedelmi hajsz\u00e1r\u00edt\u00f3 az egyik legjobb hajsz\u00e1r\u00edt\u00f3 term\u00e9k, amely a piacon kaphat\u00f3.<\/p>\n<h2><span class=\"ez-toc-section\" id=\"Ion_lightweight_wholesale_Hair_Dryer\"><\/span>Ion k\u00f6nny\u0171 nagykereskedelmi hajsz\u00e1r\u00edt\u00f3<span class=\"ez-toc-section-end\"><\/span><\/h2>\n<p>Ez a saj\u00e1t m\u00e1rk\u00e1j\u00fa, testreszabott nagykereskedelmi hajsz\u00e1r\u00edt\u00f3, amelyet az Olayer k\u00e9sz\u00edtett <a href=\"https:\/\/www.olayer.com\/hu\/porcelan-nagy-sebessegu-hajszarito\/\">K\u00edna hajsz\u00e1r\u00edt\u00f3<\/a> A gy\u00e1rt\u00f3 az ionok \u00e9s a ker\u00e1mia technol\u00f3gi\u00e1j\u00e1t haszn\u00e1lja, amely seg\u00edt a nedvess\u00e9g megk\u00f6t\u00e9s\u00e9ben, \u00e9s a ker\u00e1mia seg\u00edt gyorsabban kisz\u00e1r\u00edtani a hajat.<\/p>\n<p>Az ionos technol\u00f3gia seg\u00edt megk\u00f6tni a nedvess\u00e9get, \u00e9s biztos\u00edtja a sz\u00fcks\u00e9ges f\u00e9nyt \u00e9s simas\u00e1got.<\/p>\n<p>Negat\u00edv iont termel, amely seg\u00edt felbontani a v\u00edzmolekul\u00e1kat \u00e9s kisz\u00e1r\u00edtani a hajat an\u00e9lk\u00fcl, hogy g\u00f6nd\u00f6rr\u00e9 tenn\u00e9.<\/p>\n<p>Az ionok az ionos technol\u00f3gi\u00e1val a bakt\u00e9riumok elpuszt\u00edt\u00e1s\u00e1val a haj gy\u00f6kerekt\u0151l a hajv\u00e9gekig seg\u00edtenek megv\u00e9deni a hajat. Ez a funkci\u00f3 a nedvess\u00e9gz\u00e1r\u00f3 technol\u00f3gi\u00e1val p\u00e1rosulva lehet\u0151v\u00e9 teszi a s\u00e9r\u00fclt haj\u00fa emberek sz\u00e1m\u00e1ra, hogy ezt a term\u00e9ket akarattal haszn\u00e1lj\u00e1k.<\/p>\n<div id=\"attachment_5119\" style=\"width: 778px\" class=\"wp-caption aligncenter\"><img decoding=\"async\" aria-describedby=\"caption-attachment-5119\" class=\"lazyload wp-image-5119 size-full\" src=\"https:\/\/www.olayer.com\/wp-content\/uploads\/2022\/09\/High-Speed-hair-dryer.jpg\" data-orig-src=\"https:\/\/www.olayer.com\/wp-content\/uploads\/2022\/09\/High-Speed-hair-dryer.jpg\" alt=\"Nagy sebess\u00e9g\u0171 hajsz\u00e1r\u00edt\u00f3\" width=\"768\" height=\"768\" title=\"\" srcset=\"data:image\/svg+xml,%3Csvg%20xmlns%3D%27http%3A%2F%2Fwww.w3.org%2F2000%2Fsvg%27%20width%3D%27768%27%20height%3D%27768%27%20viewBox%3D%270%200%20768%20768%27%3E%3Crect%20width%3D%27768%27%20height%3D%27768%27%20fill-opacity%3D%220%22%2F%3E%3C%2Fsvg%3E\" data-srcset=\"https:\/\/www.olayer.com\/wp-content\/uploads\/2022\/09\/High-Speed-hair-dryer-66x66.jpg 66w, https:\/\/www.olayer.com\/wp-content\/uploads\/2022\/09\/High-Speed-hair-dryer-80x80.jpg 80w, https:\/\/www.olayer.com\/wp-content\/uploads\/2022\/09\/High-Speed-hair-dryer-200x200.jpg 200w, https:\/\/www.olayer.com\/wp-content\/uploads\/2022\/09\/High-Speed-hair-dryer-300x300.jpg 300w, https:\/\/www.olayer.com\/wp-content\/uploads\/2022\/09\/High-Speed-hair-dryer-400x400.jpg 400w, https:\/\/www.olayer.com\/wp-content\/uploads\/2022\/09\/High-Speed-hair-dryer-600x600.jpg 600w, https:\/\/www.olayer.com\/wp-content\/uploads\/2022\/09\/High-Speed-hair-dryer.jpg 768w\" data-sizes=\"auto\" data-orig-sizes=\"(max-width: 768px) 100vw, 768px\" \/><p id=\"caption-attachment-5119\" class=\"wp-caption-text\">Nagy sebess\u00e9g\u0171 hajsz\u00e1r\u00edt\u00f3<\/p><\/div>\n<p>El\u0151ny\u00f6k<\/p>\n<p>Ez a k\u00f6nny\u0171s\u00faly\u00fa messze <a href=\"https:\/\/olayerpro.com\/\" target=\"_blank\" rel=\"noopener\">infrav\u00f6r\u00f6s nagy sebess\u00e9g\u0171 hajsz\u00e1r\u00edt\u00f3<\/a> az egyik legjobb hajsz\u00e1r\u00edt\u00f3 term\u00e9k, amely k\u00fcl\u00f6nb\u00f6z\u0151 \u00e9rint\u00e9si lehet\u0151s\u00e9gekkel rendelkezik a sebess\u00e9g vagy a h\u0151m\u00e9rs\u00e9klet szab\u00e1lyoz\u00e1s\u00e1hoz, valamint az ion kiv\u00e1laszt\u00e1s\u00e1hoz.<\/p>\n<p>Az infrav\u00f6r\u00f6s technol\u00f3gia seg\u00edt gyorsan kisz\u00e1r\u00edtani a hajat a nedvess\u00e9gz\u00e1r\u00f3 technol\u00f3gi\u00e1val.<\/p>\n<p>Nagy teljes\u00edtm\u00e9ny\u0171, 1400 wattos motorral rendelkezik, amely seg\u00edt felgyors\u00edtani a sz\u00e1r\u00edt\u00e1si folyamatot.<\/p>\n<p>Nagyon k\u00e9nyelmes, k\u00f6nny\u0171 kialak\u00edt\u00e1s\u00fa, ami nagyon k\u00e9nyelmess\u00e9 teszi a haszn\u00e1lat\u00e1t.<\/p>\n<p>K\u00fcl\u00f6nb\u00f6z\u0151 eszt\u00e9tikus mint\u00e1kban kaphat\u00f3, amelyek a k\u00fcl\u00f6nb\u00f6z\u0151 koroszt\u00e1lyok \u00e9rdekl\u0151d\u00e9s\u00e9re tarthatnak sz\u00e1mot.<\/p>\n<p>Nem okoz semmif\u00e9le zajszennyez\u00e9st, mivel nagyon csendesen m\u0171k\u00f6d\u0151 motortechnol\u00f3gi\u00e1val rendelkezik.<\/p>\n<p>Nem teszi g\u00f6nd\u00f6rr\u00e9 a hajat.<\/p>\n<p>Ezek az eszk\u00f6z\u00f6k k\u00f6z\u00e9 tartoznak az ionker\u00e1mia hajvasal\u00f3k, hajegyenes\u00edt\u0151k, k\u00f6nny\u0171 professzion\u00e1lis hajsz\u00e1r\u00edt\u00f3, nagykereskedelmi utaz\u00e1si hajsz\u00e1r\u00edt\u00f3, nagykereskedelmi hajsz\u00e1r\u00edt\u00f3 kef\u00e9k, k\u00f6nny\u0171, er\u0151s hajf\u00fav\u00f3, 6 az 1-ben hajs\u00fct\u0151vas, 3 az 1-ben hajs\u00fct\u0151vas, falra szerelt hajsz\u00e1r\u00edt\u00f3, <a href=\"https:\/\/www.olayer.com\/hu\/2000w-hajszarito-konnyusulyu\/\">2000W hajsz\u00e1r\u00edt\u00f3<\/a>, 1 h\u00fcvelykes lapos vasal\u00f3, <a href=\"https:\/\/www.olayer.com\/hu\/hajszarito\/\">egyedi hajsz\u00e1r\u00edt\u00f3 nagykereskedelem<\/a>, l\u00e9zeres sz\u0151rtelen\u00edt\u00e9s \u00e9s egy\u00e9b hajform\u00e1z\u00f3 term\u00e9kek.<\/p>\n<p>H\u00e1tr\u00e1nyok<\/p>\n<p>Ez a modell a nagykereskedelmi hajsz\u00e1r\u00edt\u00f3 kicsit magas \u00e1r, mint a hagyom\u00e1nyos hajsz\u00e1r\u00edt\u00f3 term\u00e9kek, de ez a nagykereskedelmi hajsz\u00e1r\u00edt\u00f3 biztosan meg\u00e9ri, hogy a k\u00f6lts\u00e9g. Nagyon korl\u00e1tozott sz\u00e1m\u00fa h\u0151be\u00e1ll\u00edt\u00e1ssal rendelkezik.<\/p>\n<p><span lang=\"EN-US\" style=\"font-family: 'Arial',sans-serif;\">Olayer is <\/span><span lang=\"EN-US\"><span style=\"font-family: 'Arial',sans-serif;\">nagykereskedelmi hajsz\u00e1r\u00edt\u00f3<\/span><\/span><span lang=\"EN-US\" style=\"font-family: 'Arial',sans-serif;\"> \u00e9s az egyedi hajform\u00e1z\u00f3 eszk\u00f6z\u00f6k nagykereskedelmi gy\u00e1rt\u00f3ja. Innovat\u00edv hajegyenes\u00edt\u0151nket \u00fagy tervezt\u00fck, hogy kiv\u00e1l\u00f3 teljes\u00edtm\u00e9nyt, tart\u00f3ss\u00e1got \u00e9s k\u00f6nny\u0171 haszn\u00e1latot biztos\u00edtson. A ker\u00e1mia vagy turmalin lemezekkel \u00e9s a hidegleveg\u0151 technol\u00f3gi\u00e1val hajegyenget\u0151nk soha nem \u00e9get vagy k\u00e1ros\u00edtja semmilyen hajt\u00edpust. Az Olayer hajsz\u00e1r\u00edt\u00f3 gy\u00e1rt\u00f3 rengeteg hajform\u00e1z\u00f3 eszk\u00f6zt k\u00edn\u00e1l, ezek k\u00f6z\u00e9 tartoznak a k\u00f6vetkez\u0151k <\/span><span lang=\"EN-US\"><a href=\"https:\/\/www.olayer.com\/hu\/egyedi-hajszarito\/\"><span style=\"font-family: 'Arial',sans-serif;\">egyedi hajsz\u00e1r\u00edt\u00f3<\/span><\/a><\/span><span lang=\"EN-US\" style=\"font-family: 'Arial',sans-serif;\">, <\/span><span lang=\"EN-US\"><a href=\"https:\/\/www.olayer.com\/hu\/egyedi-hajkiegyenesitok\/\"><span style=\"font-family: 'Arial',sans-serif;\">egy\u00e9ni hajkiegyenl\u00edt\u0151<\/span><\/a><\/span><span lang=\"EN-US\" style=\"font-family: 'Arial',sans-serif;\">, egyedi hajs\u00fct\u0151vas, egyedi hajkiegyenes\u00edt\u0151 kefe \u00e9s m\u00e9g sok m\u00e1s.<\/span><\/p>\n<p><span lang=\"EN-US\" style=\"font-family: 'Arial',sans-serif;\">A <\/span><span lang=\"EN-US\"><a href=\"https:\/\/www.olayer.com\/hu\/termekek\/hideg-levego-hajvasalo\/\"><span style=\"font-family: 'Arial',sans-serif;\">hideg leveg\u0151 hajvasal\u00f3<\/span><\/a><\/span><span lang=\"EN-US\" style=\"font-family: 'Arial',sans-serif;\"> a legmodernebb technol\u00f3gi\u00e1val van felszerelve, amely biztos\u00edtja, hogy minden egyes hajsz\u00e1l t\u00f6k\u00e9letesre legyen form\u00e1zva. A hideg leveg\u0151 azonnal a fodr\u00e1szszersz\u00e1m tetej\u00e9r\u0151l f\u00fajja a negat\u00edv ionokkal, \u00edgy a hajad sima, f\u00e9nyes \u00e9s eg\u00e9szs\u00e9ges lesz. Mondjon b\u00facs\u00fat a g\u00f6nd\u00f6r, rakonc\u00e1tlan hajnak, \u00e9s k\u00f6sz\u00f6ntse a szalonmin\u0151s\u00e9g\u0171 otthoni hajform\u00e1z\u00e1st.<\/span><\/p>\n<p><span lang=\"EN-US\" style=\"font-family: 'Arial',sans-serif;\">Az Olayern\u00e9l elk\u00f6telezettek vagyunk amellett, hogy a lehet\u0151 legjobb \u00fcgyf\u00e9lszolg\u00e1latot \u00e9s t\u00e1mogat\u00e1st ny\u00fajtsuk. Szak\u00e9rt\u0151i csapatunk mindig rendelkez\u00e9sre \u00e1ll, hogy v\u00e1laszoljon az \u00d6n k\u00e9rd\u00e9seire. Technikai t\u00e1mogat\u00e1st tudnak ny\u00fajtani, \u00e9s seg\u00edtenek megtal\u00e1lni az \u00d6n ig\u00e9nyeinek megfelel\u0151 term\u00e9keket.<\/span><\/p>\n<p><span lang=\"EN-US\" style=\"font-family: 'Arial',sans-serif;\">A hajegyenget\u0151 \u00e9s <\/span><span lang=\"EN-US\"><a href=\"https:\/\/ifely.com\/product\/high-speed-hair-dryer\/\" target=\"_blank\" rel=\"noopener\"><span style=\"font-family: 'Arial',sans-serif;\">nagy sebess\u00e9g\u0171 hajsz\u00e1r\u00edt\u00f3<\/span><\/a><\/span><span lang=\"EN-US\" style=\"font-family: 'Arial',sans-serif;\"> t\u00f6k\u00e9letesek a professzion\u00e1lis fodr\u00e1szok \u00e9s sz\u00e9ps\u00e9gszalonok sz\u00e1m\u00e1ra. Nagykereskedelmi \u00e1rainkkal a legjobb hajform\u00e1z\u00e1si \u00e9lm\u00e9nyt ny\u00fajthatja \u00fcgyfeleinek an\u00e9lk\u00fcl, hogy a bankot megt\u00f6rn\u00e9. Term\u00e9kcsal\u00e1dunkban nagy sebess\u00e9g\u0171 hajsz\u00e1r\u00edt\u00f3k, hidegleveg\u0151s hajs\u00fct\u0151vasak, infrav\u00f6r\u00f6s f\u00e9ny\u0171 hajsz\u00e1r\u00edt\u00f3k \u00e9s egy\u00e9b egyedi, saj\u00e1t m\u00e1rk\u00e1s hajform\u00e1z\u00f3 eszk\u00f6z\u00f6k is megtal\u00e1lhat\u00f3k.<\/span><\/p>\n<p><span lang=\"EN-US\" style=\"font-family: 'Arial',sans-serif;\">Fektessen be az Olayer legjobb hajform\u00e1z\u00f3 eszk\u00f6zeibe <\/span><span lang=\"EN-US\"><a href=\"https:\/\/www.olayer.com\/hu\/\"><span style=\"font-family: 'Arial',sans-serif;\">hajkiegyenes\u00edt\u0151 gy\u00e1rt\u00f3ja<\/span><\/a><\/span><span lang=\"EN-US\" style=\"font-family: 'Arial',sans-serif;\"> \u00e9s emelje szalonj\u00e1t a k\u00f6vetkez\u0151 szintre. Rendeljen most, \u00e9s tapasztalja meg a k\u00fcl\u00f6nbs\u00e9get.<\/span><\/p>","protected":false},"excerpt":{"rendered":"<p>What means of wholesale hair dryer Wholesale hair dryer is  [&#8230;]<\/p>\n","protected":false},"author":1,"featured_media":4967,"comment_status":"closed","ping_status":"closed","sticky":false,"template":"","format":"standard","meta":{"footnotes":""},"categories":[716],"tags":[1058,1059,1057],"class_list":["post-4965","post","type-post","status-publish","format-standard","has-post-thumbnail","hentry","category-hair-dryer","tag-customized-hair-dryer","tag-private-label-hair-dryer","tag-wholesale-hair-dryer"],"_links":{"self":[{"href":"https:\/\/www.olayer.com\/hu\/wp-json\/wp\/v2\/posts\/4965","targetHints":{"allow":["GET"]}}],"collection":[{"href":"https:\/\/www.olayer.com\/hu\/wp-json\/wp\/v2\/posts"}],"about":[{"href":"https:\/\/www.olayer.com\/hu\/wp-json\/wp\/v2\/types\/post"}],"author":[{"embeddable":true,"href":"https:\/\/www.olayer.com\/hu\/wp-json\/wp\/v2\/users\/1"}],"replies":[{"embeddable":true,"href":"https:\/\/www.olayer.com\/hu\/wp-json\/wp\/v2\/comments?post=4965"}],"version-history":[{"count":0,"href":"https:\/\/www.olayer.com\/hu\/wp-json\/wp\/v2\/posts\/4965\/revisions"}],"wp:featuredmedia":[{"embeddable":true,"href":"https:\/\/www.olayer.com\/hu\/wp-json\/wp\/v2\/media\/4967"}],"wp:attachment":[{"href":"https:\/\/www.olayer.com\/hu\/wp-json\/wp\/v2\/media?parent=4965"}],"wp:term":[{"taxonomy":"category","embeddable":true,"href":"https:\/\/www.olayer.com\/hu\/wp-json\/wp\/v2\/categories?post=4965"},{"taxonomy":"post_tag","embeddable":true,"href":"https:\/\/www.olayer.com\/hu\/wp-json\/wp\/v2\/tags?post=4965"}],"curies":[{"name":"wp","href":"https:\/\/api.w.org\/{rel}","templated":true}]}}