{"id":5188,"date":"2023-01-04T13:53:49","date_gmt":"2023-01-04T13:53:49","guid":{"rendered":"https:\/\/www.olayer.com\/?p=5188"},"modified":"2023-02-17T14:38:17","modified_gmt":"2023-02-17T14:38:17","slug":"nejlepsi-elektricky-hreben-na-rovnani-cernych-vlasu","status":"publish","type":"post","link":"https:\/\/www.olayer.com\/cs\/nejlepsi-elektricky-hreben-na-rovnani-cernych-vlasu\/","title":{"rendered":"Nejlep\u0161\u00ed elektrick\u00fd narovn\u00e1vac\u00ed h\u0159eben pro \u010dern\u00e9 vlasy"},"content":{"rendered":"<p>Pokud m\u00e1te hust\u00e9, kudrnat\u00e9 nebo vlnit\u00e9 vlasy, v\u00edte, \u017ee naj\u00edt spr\u00e1vn\u00e9 stylingov\u00e9 n\u00e1stroje m\u016f\u017ee b\u00fdt probl\u00e9m. Tradi\u010dn\u00ed \u017eehli\u010dky na vlasy a \u017eehli\u010dky na vlasy mohou m\u00edt probl\u00e9my s \u00fa\u010dinn\u00fdm narovn\u00e1n\u00edm hust\u00fdch a strukturovan\u00fdch vlas\u016f a zanech\u00e1vaj\u00ed nerovnom\u011brn\u00e9 v\u00fdsledky nebo po\u0161kozen\u00e9 prameny. Proto p\u0159ich\u00e1zej\u00ed na \u0159adu elektrick\u00e9 h\u0159ebeny na rovn\u00e1n\u00ed vlas\u016f.<\/p>\n<p>Elektrick\u00e9 narovn\u00e1vac\u00ed h\u0159ebeny jsou navr\u017eeny speci\u00e1ln\u011b pro strukturovan\u00e9 vlasy a pomoc\u00ed tepla a tahu narovn\u00e1vaj\u00ed a vyhlazuj\u00ed kudrliny a vlny. Nab\u00edzej\u00ed \u0161etrn\u011bj\u0161\u00ed a \u00fa\u010dinn\u011bj\u0161\u00ed zp\u016fsob narovn\u00e1v\u00e1n\u00ed vlas\u016f, zejm\u00e9na pro osoby s \u010dern\u00fdmi vlasy, kter\u00e9 jsou \u010dasto n\u00e1chyln\u011bj\u0161\u00ed k po\u0161kozen\u00ed a l\u00e1m\u00e1n\u00ed.<\/p>\n<p>Jak si ale vybrat ten nejlep\u0161\u00ed pro sv\u00e9 vlasy, kdy\u017e je na trhu tolik elektrick\u00fdch narovn\u00e1vac\u00edch h\u0159eben\u016f? V tomto \u010dl\u00e1nku se sezn\u00e1m\u00edme s nejlep\u0161\u00edmi elektrick\u00fdmi h\u0159ebeny pro narovn\u00e1v\u00e1n\u00ed \u010dern\u00fdch vlas\u016f, v\u010detn\u011b jejich fungov\u00e1n\u00ed, v\u00fdhod, kter\u00e9 nab\u00edzej\u00ed, a n\u011bkolika nejlep\u0161\u00edch doporu\u010den\u00ed.<\/p>\n<div id=\"attachment_5391\" style=\"width: 460px\" class=\"wp-caption alignright\"><img decoding=\"async\" aria-describedby=\"caption-attachment-5391\" class=\"lazyload  wp-image-5391\" src=\"https:\/\/www.olayer.com\/wp-content\/uploads\/2023\/01\/Best-electric-straightening-comb-for-black-hair.png\" data-orig-src=\"https:\/\/www.olayer.com\/wp-content\/uploads\/2023\/01\/Best-electric-straightening-comb-for-black-hair.png\" alt=\"Nejlep\u0161\u00ed elektrick\u00fd narovn\u00e1vac\u00ed h\u0159eben pro \u010dern\u00e9 vlasy\" width=\"450\" height=\"450\" title=\"\" srcset=\"data:image\/svg+xml,%3Csvg%20xmlns%3D%27http%3A%2F%2Fwww.w3.org%2F2000%2Fsvg%27%20width%3D%27450%27%20height%3D%27450%27%20viewBox%3D%270%200%20450%20450%27%3E%3Crect%20width%3D%27450%27%20height%3D%27450%27%20fill-opacity%3D%220%22%2F%3E%3C%2Fsvg%3E\" data-srcset=\"https:\/\/www.olayer.com\/wp-content\/uploads\/2023\/01\/Best-electric-straightening-comb-for-black-hair-66x66.png 66w, https:\/\/www.olayer.com\/wp-content\/uploads\/2023\/01\/Best-electric-straightening-comb-for-black-hair-80x80.png 80w, https:\/\/www.olayer.com\/wp-content\/uploads\/2023\/01\/Best-electric-straightening-comb-for-black-hair-200x200.png 200w, https:\/\/www.olayer.com\/wp-content\/uploads\/2023\/01\/Best-electric-straightening-comb-for-black-hair-300x300.png 300w, https:\/\/www.olayer.com\/wp-content\/uploads\/2023\/01\/Best-electric-straightening-comb-for-black-hair-400x400.png 400w, https:\/\/www.olayer.com\/wp-content\/uploads\/2023\/01\/Best-electric-straightening-comb-for-black-hair.png 600w\" data-sizes=\"auto\" data-orig-sizes=\"(max-width: 450px) 100vw, 450px\" \/><p id=\"caption-attachment-5391\" class=\"wp-caption-text\">Nejlep\u0161\u00ed elektrick\u00fd narovn\u00e1vac\u00ed h\u0159eben pro \u010dern\u00e9 vlasy<\/p><\/div>\n<div id=\"ez-toc-container\" class=\"ez-toc-v2_0_87 counter-hierarchy ez-toc-counter ez-toc-grey ez-toc-container-direction\">\n<div class=\"ez-toc-title-container\">\n<p class=\"ez-toc-title\" style=\"cursor:inherit\">Obsah<\/p>\n<span class=\"ez-toc-title-toggle\"><a href=\"#\" class=\"ez-toc-pull-right ez-toc-btn ez-toc-btn-xs ez-toc-btn-default ez-toc-toggle\" aria-label=\"P\u0159epnut\u00ed tabulky obsahu\"><span class=\"ez-toc-js-icon-con\"><span class=\"\"><span class=\"eztoc-hide\" style=\"display:none;\">P\u0159ep\u00edna\u010d<\/span><span class=\"ez-toc-icon-toggle-span\"><svg style=\"fill: #999;color:#999\" xmlns=\"http:\/\/www.w3.org\/2000\/svg\" class=\"list-377408\" width=\"20px\" height=\"20px\" viewbox=\"0 0 24 24\" fill=\"none\"><path d=\"M6 6H4v2h2V6zm14 0H8v2h12V6zM4 11h2v2H4v-2zm16 0H8v2h12v-2zM4 16h2v2H4v-2zm16 0H8v2h12v-2z\" fill=\"currentColor\"><\/path><\/svg><svg style=\"fill: #999;color:#999\" class=\"arrow-unsorted-368013\" xmlns=\"http:\/\/www.w3.org\/2000\/svg\" width=\"10px\" height=\"10px\" viewbox=\"0 0 24 24\" version=\"1.2\" baseprofile=\"tiny\"><path d=\"M18.2 9.3l-6.2-6.3-6.2 6.3c-.2.2-.3.4-.3.7s.1.5.3.7c.2.2.4.3.7.3h11c.3 0 .5-.1.7-.3.2-.2.3-.5.3-.7s-.1-.5-.3-.7zM5.8 14.7l6.2 6.3 6.2-6.3c.2-.2.3-.5.3-.7s-.1-.5-.3-.7c-.2-.2-.4-.3-.7-.3h-11c-.3 0-.5.1-.7.3-.2.2-.3.5-.3.7s.1.5.3.7z\"\/><\/svg><\/span><\/span><\/span><\/a><\/span><\/div>\n<nav><ul class='ez-toc-list ez-toc-list-level-1' ><li class='ez-toc-page-1 ez-toc-heading-level-2'><a class=\"ez-toc-link ez-toc-heading-1\" href=\"https:\/\/www.olayer.com\/cs\/nejlepsi-elektricky-hreben-na-rovnani-cernych-vlasu\/#How_Do_Electric_Straightening_Combs_Work\" >Jak funguj\u00ed elektrick\u00e9 narovn\u00e1vac\u00ed h\u0159ebeny?<\/a><ul class='ez-toc-list-level-3' ><li class='ez-toc-heading-level-3'><a class=\"ez-toc-link ez-toc-heading-2\" href=\"https:\/\/www.olayer.com\/cs\/nejlepsi-elektricky-hreben-na-rovnani-cernych-vlasu\/#Benefits_of_Using_an_Electric_Straightening_Comb\" >V\u00fdhody pou\u017e\u00edv\u00e1n\u00ed elektrick\u00e9ho narovn\u00e1vac\u00edho h\u0159ebenu<\/a><\/li><\/ul><\/li><\/ul><\/nav><\/div>\n<h2><span class=\"ez-toc-section\" id=\"How_Do_Electric_Straightening_Combs_Work\"><\/span>Jak funguj\u00ed elektrick\u00e9 narovn\u00e1vac\u00ed h\u0159ebeny?<span class=\"ez-toc-section-end\"><\/span><\/h2>\n<p>Elektrick\u00e9 narovn\u00e1vac\u00ed h\u0159ebeny pracuj\u00ed s teplem a nap\u011bt\u00edm, kter\u00e9 narovn\u00e1vaj\u00ed a vyhlazuj\u00ed kudrliny a vlny. Obvykle maj\u00ed topn\u00e9 t\u011bleso, kter\u00e9 h\u0159eben zah\u0159\u00edv\u00e1, a \u0159adu zub\u016f nebo desti\u010dek, kter\u00e9 pom\u00e1haj\u00ed vlasy p\u0159i \u010des\u00e1n\u00ed narovn\u00e1vat.<\/p>\n<p>P\u0159i pou\u017eit\u00ed elektrick\u00e9ho h\u0159ebenu sta\u010d\u00ed vlasy rozd\u011blit na \u010d\u00e1sti a h\u0159ebenem je jemn\u00fdmi, rozm\u00e1chl\u00fdmi pohyby narovnat a uhladit. N\u011bkter\u00e9 elektrick\u00e9 narovn\u00e1vac\u00ed h\u0159ebeny mohou m\u00edt i dal\u0161\u00ed funkce, jako je nastaven\u00ed teploty nebo vestav\u011bn\u00fd gener\u00e1tor iont\u016f, kter\u00fd pom\u00e1h\u00e1 sni\u017eovat krepat\u011bn\u00ed a dod\u00e1v\u00e1 vlas\u016fm lesk.<\/p>\n<h3><span class=\"ez-toc-section\" id=\"Benefits_of_Using_an_Electric_Straightening_Comb\"><\/span>V\u00fdhody pou\u017e\u00edv\u00e1n\u00ed elektrick\u00e9ho narovn\u00e1vac\u00edho h\u0159ebenu<span class=\"ez-toc-section-end\"><\/span><\/h3>\n<p>Pou\u017e\u00edv\u00e1n\u00ed elektrick\u00e9ho narovn\u00e1vac\u00edho h\u0159ebenu m\u00e1 n\u011bkolik v\u00fdhod, mezi n\u011b\u017e pat\u0159\u00ed:<\/p>\n<ul>\n<li>\u0160etrn\u00fd k vlas\u016fm: Jednou z hlavn\u00edch v\u00fdhod elektrick\u00fdch narovn\u00e1vac\u00edch h\u0159eben\u016f je, \u017ee jsou obecn\u011b \u0161etrn\u011bj\u0161\u00ed k vlas\u016fm ne\u017e klasick\u00e9 \u017eehli\u010dky nebo \u017eehli\u010dky na vlasy. To je d\u016fle\u017eit\u00e9 zejm\u00e9na pro osoby s \u010dern\u00fdmi vlasy, kter\u00e9 jsou \u010dasto n\u00e1chyln\u011bj\u0161\u00ed k po\u0161kozen\u00ed a l\u00e1m\u00e1n\u00ed.<\/li>\n<li>\u00da\u010dinn\u011bj\u0161\u00ed na strukturovan\u00e9 vlasy: Elektrick\u00e9 h\u0159ebeny jsou speci\u00e1ln\u011b navr\u017eeny pro pr\u00e1ci se strukturovan\u00fdmi vlasy a \u010dasto l\u00e9pe narovn\u00e1vaj\u00ed hust\u00e9, kudrnat\u00e9 nebo vlnit\u00e9 vlasy ne\u017e klasick\u00e9 \u017eehli\u010dky nebo \u017eehli\u010dky na vlasy. To v\u00e1m m\u016f\u017ee pomoci dos\u00e1hnout hladk\u00fdch a rovn\u00fdch vlas\u016f s men\u0161\u00edm \u00fasil\u00edm.<\/li>\n<li>V\u0161estrannost: Mnoho elektrick\u00fdch h\u0159eben\u016f je navr\u017eeno tak, aby byly v\u0161estrann\u00e9, tak\u017ee je m\u016f\u017eete pou\u017e\u00edvat k narovn\u00e1v\u00e1n\u00ed, kulmov\u00e1n\u00ed a p\u0159id\u00e1v\u00e1n\u00ed objemu vlas\u016fm. To v\u00e1m m\u016f\u017ee u\u0161et\u0159it pen\u00edze i m\u00edsto na toaletn\u00edm stolku, proto\u017ee nemus\u00edte investovat do v\u00edce stylingov\u00fdch n\u00e1stroj\u016f.<\/li>\n<li>Snadn\u00e9 pou\u017eit\u00ed: Elektrick\u00e9 narovn\u00e1vac\u00ed h\u0159ebeny se obecn\u011b snadno pou\u017e\u00edvaj\u00ed, a to i pro ty, kte\u0159\u00ed s dom\u00e1c\u00ed \u00fapravou vlas\u016f za\u010d\u00ednaj\u00ed. Obvykle maj\u00ed jednoduch\u00fd vyp\u00edna\u010d a mohou m\u00edt nastaven\u00ed teploty nebo jin\u00e9 funkce, kter\u00e9 umo\u017e\u0148uj\u00ed p\u0159izp\u016fsobit teplo va\u0161emu typu vlas\u016f.<\/li>\n<\/ul>\n<p>Zde je doporu\u010den\u00ed produktu pro elektrick\u00e9 narovn\u00e1vac\u00ed h\u0159ebeny pro \u010dern\u00e9 vlasy:<\/p>\n<p>V\u00fdb\u011br nejlep\u0161\u00edho elektrick\u00e9ho narovn\u00e1vac\u00edho h\u0159ebenu pro \u010dern\u00e9 vlasy z\u00e1vis\u00ed na \u0159ad\u011b faktor\u016f, v\u010detn\u011b typu a struktury vlas\u016f, po\u017eadovan\u00fdch v\u00fdsledk\u016f narovn\u00e1v\u00e1n\u00ed a osobn\u00edch preferenc\u00ed. Zde je n\u011bkolik mo\u017enost\u00ed, kter\u00e9 je t\u0159eba zv\u00e1\u017eit:<\/p>\n<ol>\n<li>Olayer High Heat Press Comb: Tento elektrick\u00fd h\u0159eben m\u00e1 20 nastaven\u00ed teploty, kter\u00e1 m\u016f\u017ee dos\u00e1hnout a\u017e 450 stup\u0148\u016f Fahrenheita, co\u017e je ide\u00e1ln\u00ed pro hust\u0161\u00ed a hrub\u0161\u00ed \u010dern\u00e9 vlasy. Keramick\u00fd h\u0159eben hladce klou\u017ee po vlasech a dok\u00e1\u017ee vytvo\u0159it hladk\u00e9, rovn\u00e9 \u00fa\u010desy.<\/li>\n<li>Keramick\u00fd vyh\u0159\u00edvan\u00fd kart\u00e1\u010d Olayer Perfect Heat Straightening: Tento vyh\u0159\u00edvan\u00fd kart\u00e1\u010d je ur\u010den k narovn\u00e1n\u00ed a uhlazen\u00ed vlas\u016f a z\u00e1rove\u0148 sni\u017euje jejich krepat\u011bn\u00ed a statickou elekt\u0159inu. Keramikou pota\u017een\u00e9 \u0161t\u011btiny rovnom\u011brn\u011b rozv\u00e1d\u011bj\u00ed teplo a mohou dos\u00e1hnout teploty a\u017e 400 stup\u0148\u016f Fahrenheita. Je vhodnou volbou pro ty, kte\u0159\u00ed maj\u00ed jemn\u00e9 a\u017e st\u0159edn\u011b \u010dern\u00e9 vlasy.<\/li>\n<li>Olayer Ionic Hair Straightener Brush: Tento kart\u00e1\u010d kombinuje keramickou a iontovou technologii, kter\u00e1 pom\u00e1h\u00e1 redukovat krepat\u011bn\u00ed a statickou elekt\u0159inu p\u0159i narovn\u00e1v\u00e1n\u00ed vlas\u016f. M\u00e1 teplotn\u00ed rozsah 300 a\u017e 450 stup\u0148\u016f Fahrenheita a je vhodn\u00fd pro v\u0161echny typy vlas\u016f, v\u010detn\u011b hust\u00fdch a kudrnat\u00fdch \u010dern\u00fdch vlas\u016f.<\/li>\n<li><strong>Od mokr\u00e9ho k such\u00e9mu Elektrick\u00fd vyh\u0159\u00edvan\u00fd narovn\u00e1vac\u00ed h\u0159eben<\/strong>: Tento elektrick\u00fd narovn\u00e1vac\u00ed h\u0159eben m\u00e1 keramick\u00e9 topn\u00e9 t\u011bleso a zabudovan\u00fd gener\u00e1tor iont\u016f, kter\u00fd pom\u00e1h\u00e1 redukovat krepat\u011bn\u00ed a dod\u00e1v\u00e1 vlas\u016fm lesk. M\u00e1 tak\u00e9 n\u011bkolik nastaven\u00ed teploty a 60minutovou funkci automatick\u00e9ho vypnut\u00ed pro v\u011bt\u0161\u00ed bezpe\u010dnost. <a href=\"https:\/\/www.olayer.com\/cs\/produkty\/velkoobchodni-kartac-na-rovnani-vlasu\/\">velkoobchodn\u00ed kart\u00e1\u010d na rovn\u00e1n\u00ed vlas\u016f<\/a> nyn\u00ed.<\/li>\n<\/ol>\n<p>Z\u00e1v\u011brem lze \u0159\u00edci, \u017ee elektrick\u00e9 narovn\u00e1vac\u00ed h\u0159ebeny jsou skv\u011bl\u00fdm n\u00e1strojem pro \u00fapravu vlas\u016f pro osoby s hust\u00fdmi, kudrnat\u00fdmi nebo vlnit\u00fdmi vlasy, zejm\u00e9na pro osoby s \u010dern\u00fdmi vlasy. Nab\u00edzej\u00ed \u0161etrn\u00fd a \u00fa\u010dinn\u00fd zp\u016fsob narovn\u00e1n\u00ed a uhlazen\u00ed vlas\u016f a mnoh\u00e9 z nich jsou tak\u00e9 v\u0161estrann\u00e9 a snadno se pou\u017e\u00edvaj\u00ed. Zva\u017ete p\u0159id\u00e1n\u00ed n\u011bkter\u00e9ho z v\u00fd\u0161e uveden\u00fdch produkt\u016f do sv\u00e9ho arzen\u00e1lu pro \u00fapravu vlas\u016f, abyste z\u00edskali hladk\u00e9, hladk\u00e9 a zdrav\u011b vypadaj\u00edc\u00ed vlasy.<\/p>","protected":false},"excerpt":{"rendered":"<p>If you have thick, curly, or coily hair, you know  [&#8230;]<\/p>\n","protected":false},"author":1,"featured_media":5014,"comment_status":"closed","ping_status":"closed","sticky":false,"template":"","format":"standard","meta":{"footnotes":""},"categories":[40],"tags":[1083],"class_list":["post-5188","post","type-post","status-publish","format-standard","has-post-thumbnail","hentry","category-hair-straightener-brush","tag-best-electric-straightening-comb-for-black-hair"],"_links":{"self":[{"href":"https:\/\/www.olayer.com\/cs\/wp-json\/wp\/v2\/posts\/5188","targetHints":{"allow":["GET"]}}],"collection":[{"href":"https:\/\/www.olayer.com\/cs\/wp-json\/wp\/v2\/posts"}],"about":[{"href":"https:\/\/www.olayer.com\/cs\/wp-json\/wp\/v2\/types\/post"}],"author":[{"embeddable":true,"href":"https:\/\/www.olayer.com\/cs\/wp-json\/wp\/v2\/users\/1"}],"replies":[{"embeddable":true,"href":"https:\/\/www.olayer.com\/cs\/wp-json\/wp\/v2\/comments?post=5188"}],"version-history":[{"count":0,"href":"https:\/\/www.olayer.com\/cs\/wp-json\/wp\/v2\/posts\/5188\/revisions"}],"wp:featuredmedia":[{"embeddable":true,"href":"https:\/\/www.olayer.com\/cs\/wp-json\/wp\/v2\/media\/5014"}],"wp:attachment":[{"href":"https:\/\/www.olayer.com\/cs\/wp-json\/wp\/v2\/media?parent=5188"}],"wp:term":[{"taxonomy":"category","embeddable":true,"href":"https:\/\/www.olayer.com\/cs\/wp-json\/wp\/v2\/categories?post=5188"},{"taxonomy":"post_tag","embeddable":true,"href":"https:\/\/www.olayer.com\/cs\/wp-json\/wp\/v2\/tags?post=5188"}],"curies":[{"name":"wp","href":"https:\/\/api.w.org\/{rel}","templated":true}]}}