{"id":4265,"date":"2022-01-15T10:47:32","date_gmt":"2022-01-15T10:47:32","guid":{"rendered":"https:\/\/www.olayer.com\/?p=4265"},"modified":"2023-02-27T15:49:59","modified_gmt":"2023-02-27T15:49:59","slug":"nejlepsi-lehky-profesionalni-vysousec-vlasu","status":"publish","type":"post","link":"https:\/\/www.olayer.com\/cs\/nejlepsi-lehky-profesionalni-vysousec-vlasu\/","title":{"rendered":"Nejlep\u0161\u00ed lehk\u00fd profesion\u00e1ln\u00ed vysou\u0161e\u010d vlas\u016f"},"content":{"rendered":"<p>Na trhu je k dispozici velk\u00e9 mno\u017estv\u00ed produkt\u016f, kter\u00e9 tvrd\u00ed, \u017ee pe\u010duj\u00ed o va\u0161e vlasy a pom\u00e1haj\u00ed jim z\u00edskat zdrav\u00e9 vlasy, a proto m\u016f\u017ee b\u00fdt v\u00fdb\u011br docela zdrcuj\u00edc\u00ed. Jedn\u00edm ze z\u00e1kladn\u00edch prost\u0159edk\u016f pro p\u00e9\u010di o vlasy je f\u00e9n. Lid\u00e9 si v\u0161ak nekoup\u00ed jen tak n\u011bjak\u00fd f\u00e9n vystaven\u00fd v obchod\u011b, ale cht\u011bj\u00ed si po\u0159\u00eddit ten nejvhodn\u011bj\u0161\u00ed. <em><strong>nejlep\u0161\u00ed lehk\u00fd profesion\u00e1ln\u00ed vysou\u0161e\u010d vlas\u016f<\/strong><\/em>. Proto\u017ee <em>lehk\u00fd profesion\u00e1ln\u00ed vysou\u0161e\u010d vlas\u016f<\/em> m\u00e1 spoustu v\u00fdhod v \u017eivot\u011b, nap\u0159\u00edklad snadn\u00e9 balen\u00ed b\u011bhem cestov\u00e1n\u00ed, v\u00fdkonn\u00e9 vlasy rychlost, tich\u00fd hluk v\u0161echny tyto v\u00fdhody bude tento u\u017eivatel spokojen\u00fd s t\u00edmto nejlep\u0161\u00ed lehk\u00fd profesion\u00e1ln\u00ed vysou\u0161e\u010d vlas\u016f<\/p>\n<div id=\"ez-toc-container\" class=\"ez-toc-v2_0_82_2 counter-hierarchy ez-toc-counter ez-toc-grey ez-toc-container-direction\">\n<div class=\"ez-toc-title-container\">\n<p class=\"ez-toc-title\" style=\"cursor:inherit\">Obsah<\/p>\n<span class=\"ez-toc-title-toggle\"><a href=\"#\" class=\"ez-toc-pull-right ez-toc-btn ez-toc-btn-xs ez-toc-btn-default ez-toc-toggle\" aria-label=\"P\u0159epnut\u00ed tabulky obsahu\"><span class=\"ez-toc-js-icon-con\"><span class=\"\"><span class=\"eztoc-hide\" style=\"display:none;\">P\u0159ep\u00edna\u010d<\/span><span class=\"ez-toc-icon-toggle-span\"><svg style=\"fill: #999;color:#999\" xmlns=\"http:\/\/www.w3.org\/2000\/svg\" class=\"list-377408\" width=\"20px\" height=\"20px\" viewbox=\"0 0 24 24\" fill=\"none\"><path d=\"M6 6H4v2h2V6zm14 0H8v2h12V6zM4 11h2v2H4v-2zm16 0H8v2h12v-2zM4 16h2v2H4v-2zm16 0H8v2h12v-2z\" fill=\"currentColor\"><\/path><\/svg><svg style=\"fill: #999;color:#999\" class=\"arrow-unsorted-368013\" xmlns=\"http:\/\/www.w3.org\/2000\/svg\" width=\"10px\" height=\"10px\" viewbox=\"0 0 24 24\" version=\"1.2\" baseprofile=\"tiny\"><path d=\"M18.2 9.3l-6.2-6.3-6.2 6.3c-.2.2-.3.4-.3.7s.1.5.3.7c.2.2.4.3.7.3h11c.3 0 .5-.1.7-.3.2-.2.3-.5.3-.7s-.1-.5-.3-.7zM5.8 14.7l6.2 6.3 6.2-6.3c.2-.2.3-.5.3-.7s-.1-.5-.3-.7c-.2-.2-.4-.3-.7-.3h-11c-.3 0-.5.1-.7.3-.2.2-.3.5-.3.7s.1.5.3.7z\"\/><\/svg><\/span><\/span><\/span><\/a><\/span><\/div>\n<nav><ul class='ez-toc-list ez-toc-list-level-1' ><li class='ez-toc-page-1 ez-toc-heading-level-2'><a class=\"ez-toc-link ez-toc-heading-1\" href=\"https:\/\/www.olayer.com\/cs\/nejlepsi-lehky-profesionalni-vysousec-vlasu\/#Best_lightweight_professional_hair_dryer_by_Olayer_China_hair_dryer_company\" >Nejlep\u0161\u00ed lehk\u00fd profesion\u00e1ln\u00ed vysou\u0161e\u010d vlas\u016f od spole\u010dnosti Olayer China hair dryer company<\/a><ul class='ez-toc-list-level-3' ><li class='ez-toc-heading-level-3'><a class=\"ez-toc-link ez-toc-heading-2\" href=\"https:\/\/www.olayer.com\/cs\/nejlepsi-lehky-profesionalni-vysousec-vlasu\/#The_Details_of_the_best_lightweight_professional_hair_dryer\" >Podrobnosti o nejlep\u0161\u00edm lehk\u00e9m profesion\u00e1ln\u00edm vysou\u0161e\u010di vlas\u016f<\/a><\/li><li class='ez-toc-page-1 ez-toc-heading-level-3'><a class=\"ez-toc-link ez-toc-heading-3\" href=\"https:\/\/www.olayer.com\/cs\/nejlepsi-lehky-profesionalni-vysousec-vlasu\/#Best_lightweight_Professional_Hair_Dryers\" >Nejlep\u0161\u00ed lehk\u00e9 profesion\u00e1ln\u00ed vysou\u0161e\u010de vlas\u016f<\/a><\/li><\/ul><\/li><\/ul><\/nav><\/div>\n<h2><span class=\"ez-toc-section\" id=\"Best_lightweight_professional_hair_dryer_by_Olayer_China_hair_dryer_company\"><\/span>Nejlep\u0161\u00ed lehk\u00fd profesion\u00e1ln\u00ed vysou\u0161e\u010d vlas\u016f od spole\u010dnosti Olayer China hair dryer company<span class=\"ez-toc-section-end\"><\/span><\/h2>\n<p>N\u00ed\u017ee jsou uvedeny n\u011bkter\u00e9 lehk\u00e9 profesion\u00e1ln\u00ed vysou\u0161e\u010de vlas\u016f,<\/p>\n<ul>\n<li>Lehk\u00fd profesion\u00e1ln\u00ed vysou\u0161e\u010d vlas\u016f se 2 koncentr\u00e1tory a jedn\u00edm difuz\u00e9rem<\/li>\n<li>Kr\u00e1sn\u00fd vysok\u00fd v\u00fdkon <em>vysokorychlostn\u00ed vysou\u0161e\u010d vlas\u016f<\/em> s 1800 watt\u016f a docela vysou\u0161e\u010d vlas\u016f<\/li>\n<li>Skl\u00e1dac\u00ed mal\u00e9 rozm\u011bry lehk\u00e9 <strong><em>profesion\u00e1ln\u00ed v\u00fdkonn\u00fd vysou\u0161e\u010d vlas\u016f<\/em><\/strong> s 1400 W a tich\u00fdm fouka\u010dem vlas\u016f<\/li>\n<\/ul>\n<p>M\u016f\u017eete se rozhodnout v z\u00e1vislosti na sv\u00e9m rozpo\u010dtu, velikosti <strong><em>nejlep\u0161\u00ed lehk\u00fd profesion\u00e1ln\u00ed vysou\u0161e\u010d vlas\u016f<\/em><\/strong>, nejrychlej\u0161\u00ed f\u00e9n nebo takov\u00fd, kter\u00fd je vybaven mnoha funkcemi pro optim\u00e1ln\u00ed v\u00fdsledky \u00fapravy vlas\u016f.  M\u016f\u017eete si b\u00fdt jisti, \u017ee tyto lehk\u00e9 vysou\u0161e\u010de vlas\u016f s vysok\u00fdm v\u00fdkonem jsou profesion\u00e1ln\u00ed, pracuj\u00ed s keramickou iontovou technologi\u00ed, kter\u00e1 vysu\u0161\u00ed va\u0161e vlasy b\u011bhem n\u011bkolika minut a zanech\u00e1 je leskl\u00e9, siln\u00e9 a zdrav\u00e9.<\/p>\n<h3><span class=\"ez-toc-section\" id=\"The_Details_of_the_best_lightweight_professional_hair_dryer\"><\/span>Podrobnosti o nejlep\u0161\u00edm lehk\u00e9m profesion\u00e1ln\u00edm vysou\u0161e\u010di vlas\u016f<span class=\"ez-toc-section-end\"><\/span><\/h3>\n<p>Nejlep\u0161\u00ed lehk\u00fd profesion\u00e1ln\u00ed vysou\u0161e\u010d vlas\u016f vyroben\u00fd spole\u010dnost\u00ed Olayer China <a href=\"https:\/\/www.olayer.com\/cs\/nejlepsi-spolecnost-na-vysouseni-vlasu\/\"><em>nejlep\u0161\u00ed spole\u010dnost na vysou\u0161en\u00ed vlas\u016f<\/em><\/a> vyu\u017e\u00edv\u00e1 keramickou technologii a negativn\u00ed iontovou technologii, kter\u00e1 poskytuje 20 milion\u016f negativn\u00edch iont\u016f tepla.  To chr\u00e1n\u00ed a uzav\u00edr\u00e1 vlhkost ve vlasech.  Jedn\u00e1 se o skl\u00e1dac\u00ed p\u0159\u00edstroj mal\u00fdch rozm\u011br\u016f <a href=\"https:\/\/www.olayer.com\/cs\/produkty\/lehky-vykonny-vysousec-vlasu\/\"><strong>lehk\u00fd v\u00fdkonn\u00fd vysou\u0161e\u010d vlas\u016f<\/strong><\/a> kter\u00e9 si m\u016f\u017eete vz\u00edt s sebou na cesty, abyste m\u011bli v\u00fdkon a pohodl\u00ed, kter\u00e9 pot\u0159ebujete pro \u00fapravu vlas\u016f.  Je vybaven funkc\u00ed n\u00edzk\u00e9ho elektromagnetick\u00e9ho pole, kter\u00e1 chr\u00e1n\u00ed vlasy p\u0159ed krepat\u011bn\u00edm a poletov\u00e1n\u00edm.<\/p>\n<p>Na str\u00e1nk\u00e1ch <strong>nejlep\u0161\u00ed lehk\u00fd profesion\u00e1ln\u00ed vysou\u0161e\u010d vlas\u016f<\/strong> od spole\u010dnosti Olayer vysokorychlostn\u00ed vysou\u0161e\u010d vlas\u016f je navr\u017een tak, abyste p\u0159i \u00faprav\u011b vlas\u016f nikdy nezat\u011b\u017eovali ruce a z\u00e1p\u011bst\u00ed.  Vibrace jsou sn\u00ed\u017eeny pomoc\u00ed technologie tlumen\u00ed vibrac\u00ed, tak\u017ee tento v\u00fdkonn\u00fd vysou\u0161e\u010d vlas\u016f m\u016f\u017eete pou\u017e\u00edvat del\u0161\u00ed dobu, ani\u017e byste poci\u0165ovali \u00fanavu.  U tohoto lehk\u00e9ho profesion\u00e1ln\u00edho vysou\u0161e\u010de vlas\u016f m\u016f\u017eete tak\u00e9 ovl\u00e1dat nastaven\u00ed rychlosti ventil\u00e1toru a keramick\u00e9ho tepla.<\/p>\n<p>Bez ohledu na to, jak se rozhodnete pro <em>nejlep\u0161\u00ed lehk\u00fd profesion\u00e1ln\u00ed v\u00fdkonn\u00fd vysou\u0161e\u010d vlas\u016f<\/em> kter\u00e9 vyhovuj\u00ed va\u0161im pot\u0159eb\u00e1m a p\u0159\u00e1n\u00edm, tyto lehk\u00e9 v\u00fdkonn\u00e9 f\u00e9ny na vlasy zanechaj\u00ed va\u0161e vlasy v\u017edy kr\u00e1sn\u00e9 a zdrav\u011b vypadaj\u00edc\u00ed.<\/p>\n<h3><span class=\"ez-toc-section\" id=\"Best_lightweight_Professional_Hair_Dryers\"><\/span>Nejlep\u0161\u00ed lehk\u00e9 profesion\u00e1ln\u00ed vysou\u0161e\u010de vlas\u016f<span class=\"ez-toc-section-end\"><\/span><\/h3>\n<p>Pokud pr\u00e1v\u011b za\u010d\u00edn\u00e1te hledat nejlep\u0161\u00ed lehk\u00e9 profesion\u00e1ln\u00ed vysou\u0161e\u010de vlas\u016f pro va\u0161i dom\u00e1cnost, nebo pokud pl\u00e1nujete tento nejlep\u0161\u00ed v\u00fdkonn\u00fd vysou\u0161e\u010d vlas\u016f na trhu prodat, bude to jeden z nejlep\u0161\u00edch lehk\u00fdch profesion\u00e1ln\u00edch vysou\u0161e\u010d\u016f vlas\u016f na sv\u011bt\u011b.<\/p>\n<p>Olayer je \u010c\u00edna v\u00fdkonn\u00fd vysou\u0161e\u010d vlas\u016f spole\u010dnost, kter\u00e1 se zam\u011b\u0159uje na vytv\u00e1\u0159en\u00ed a v\u00fdrobu r\u016fzn\u00fdch n\u00e1stroj\u016f pro p\u00e9\u010di o vlasy produkty, v\u011bt\u0161inou keramick\u00e9 negativn\u00ed ionty lehk\u00e9 <a href=\"https:\/\/www.olayer.com\/cs\/what-is-the-best-high-speed-hair-dryer\/\">vysokorychlostn\u00ed vysou\u0161e\u010d vlas\u016f<\/a>, infra\u010derven\u00fd vysok\u00fd v\u00fdkon mal\u00e9 velikosti cestovn\u00edho vysou\u0161e\u010de vlas\u016f, keramick\u00fd iontov\u00fd \u017eehli\u010d vlas\u016f, mokr\u00fd a\u017e such\u00fd rovnac\u00ed kart\u00e1\u010d, profesion\u00e1ln\u00ed a automatick\u00fd. <a href=\"https:\/\/www.olayer.com\/cs\/keramicka-kulma-na-vlasy-se-studenym-vzduchem\/\">kulma na studen\u00fd vzduch<\/a>, <a href=\"https:\/\/www.olayer.com\/cs\/7-in-1-multi-barrels-interchangeable-waver-hair-curler\/\">Kulma na vlasy 7 v 1<\/a>, \u017eehli\u010dky na studen\u00fd vzduch atd.<\/p>\n<p>Spole\u010dnost Olayer je nejlep\u0161\u00ed spole\u010dnost\u00ed vyr\u00e1b\u011bj\u00edc\u00ed vysou\u0161e\u010de vlas\u016f, kter\u00e1 m\u00e1 vlastn\u00ed lisovnu a lisovnu, kter\u00e1 umo\u017e\u0148uje rychl\u00fd v\u00fdvoj nov\u00fdch produkt\u016f p\u00e9\u010de o vlasy a dal\u0161\u00edch elektrick\u00fdch produkt\u016f za 2 t\u00fddny. Velkoobchodn\u00ed v\u00fdrobce f\u00e9n\u016f na vlasy Olayer nab\u00edz\u00ed slu\u017eby smluvn\u00ed v\u00fdroby OEM\/ODM pro v\u0161echny elektrick\u00e9 v\u00fdrobky,<\/p>\n<p>Spole\u010dnost Olayer je ochotna podepsat dokument NDA na ochranu va\u0161eho projektu, soukrom\u00e9 zna\u010dky a vlastn\u00ed logo je nab\u00edzeno na\u0161im n\u00e1stroj\u016fm pro p\u00e9\u010di o vlasy,<\/p>\n<p>Olayer je <a href=\"https:\/\/www.olayer.com\/cs\/soukroma-znacka-vyrobce-plochych-zehlicek\/\"><em>soukrom\u00e1 zna\u010dka v\u00fdrobce ploch\u00fdch \u017eehli\u010dek<\/em><\/a> v \u010c\u00edn\u011b, kter\u00e1 v\u00e1m nab\u00eddne v\u0161echny slu\u017eby na jednom m\u00edst\u011b od konceptu, prototypov\u00e1n\u00ed, testov\u00e1n\u00ed, re-prototypov\u00e1n\u00ed, v\u00fdroby forem a v\u00fdlisk\u016f, certifik\u00e1tu, mont\u00e1\u017ee, kontroly, balen\u00ed a dod\u00e1n\u00ed, pokud hled\u00e1te \u010d\u00ednsk\u00e9ho v\u00fdrobce vysou\u0161e\u010d\u016f vlas\u016f a smluvn\u00edho dodavatele elektrick\u00fdch v\u00fdrobk\u016f v \u010c\u00edn\u011b, volejte Olayer.<\/p>","protected":false},"excerpt":{"rendered":"<p>With a great number of products available in the market  [&#8230;]<\/p>\n","protected":false},"author":1,"featured_media":4192,"comment_status":"closed","ping_status":"closed","sticky":false,"template":"","format":"standard","meta":{"footnotes":""},"categories":[826,716],"tags":[827,780,781,828,829],"class_list":["post-4265","post","type-post","status-publish","format-standard","has-post-thumbnail","hentry","category-best-lightweight-professional-hair-dryer","category-hair-dryer","tag-best-lightweight-professional-hair-dryer","tag-most-powerful-hair-dryer","tag-powerful-hair-dryer","tag-professional-hair-dryer","tag-professional-powerful-hair-dryer"],"_links":{"self":[{"href":"https:\/\/www.olayer.com\/cs\/wp-json\/wp\/v2\/posts\/4265","targetHints":{"allow":["GET"]}}],"collection":[{"href":"https:\/\/www.olayer.com\/cs\/wp-json\/wp\/v2\/posts"}],"about":[{"href":"https:\/\/www.olayer.com\/cs\/wp-json\/wp\/v2\/types\/post"}],"author":[{"embeddable":true,"href":"https:\/\/www.olayer.com\/cs\/wp-json\/wp\/v2\/users\/1"}],"replies":[{"embeddable":true,"href":"https:\/\/www.olayer.com\/cs\/wp-json\/wp\/v2\/comments?post=4265"}],"version-history":[{"count":0,"href":"https:\/\/www.olayer.com\/cs\/wp-json\/wp\/v2\/posts\/4265\/revisions"}],"wp:featuredmedia":[{"embeddable":true,"href":"https:\/\/www.olayer.com\/cs\/wp-json\/wp\/v2\/media\/4192"}],"wp:attachment":[{"href":"https:\/\/www.olayer.com\/cs\/wp-json\/wp\/v2\/media?parent=4265"}],"wp:term":[{"taxonomy":"category","embeddable":true,"href":"https:\/\/www.olayer.com\/cs\/wp-json\/wp\/v2\/categories?post=4265"},{"taxonomy":"post_tag","embeddable":true,"href":"https:\/\/www.olayer.com\/cs\/wp-json\/wp\/v2\/tags?post=4265"}],"curies":[{"name":"wp","href":"https:\/\/api.w.org\/{rel}","templated":true}]}}