{"id":3877,"date":"2021-12-19T12:51:04","date_gmt":"2021-12-19T12:51:04","guid":{"rendered":"https:\/\/www.olayer.com\/?p=3877"},"modified":"2022-04-07T10:18:07","modified_gmt":"2022-04-07T10:18:07","slug":"bezdratove-kulmy-na-vlasy","status":"publish","type":"post","link":"https:\/\/www.olayer.com\/cs\/bezdratove-kulmy-na-vlasy\/","title":{"rendered":"Bezdr\u00e1tov\u00e1 kulma na vlasy"},"content":{"rendered":"<p><em><strong>Bezdr\u00e1tov\u00e1 kulma na vlasy<\/strong><\/em> od spole\u010dnosti Olayer <a href=\"https:\/\/www.olayer.com\/cs\/\"><strong>v\u00fdrobce nat\u00e1\u010dek na vlasy<\/strong><\/a> m\u016f\u017ee \u017een\u00e1m skute\u010dn\u011b usnadnit \u017eivot. Nyn\u00ed si tyto praktick\u00e9 p\u0159\u00edstroje m\u016f\u017eete vz\u00edt kamkoli s sebou, ani\u017e byste se museli starat o hled\u00e1n\u00ed elektrick\u00e9 z\u00e1suvky pro jejich provoz.  Chcete-li dodat \u00fa\u010desu zvl\u00e1\u0161tn\u00ed fin\u00e1ln\u00ed vzhled nebo osv\u011b\u017eit lokny, nen\u00ed nic lep\u0161\u00edho ne\u017e bezdr\u00e1tov\u00e1 kulma.<\/p>\n<p>Akumul\u00e1torov\u00e9 kulmy na vlasy jsou obvykle nap\u00e1jeny bateriemi nebo butanem. Oboj\u00ed je snadno vym\u011bniteln\u00e9, tak\u017ee se nemus\u00edte p\u0159\u00edli\u0161 ob\u00e1vat ztr\u00e1ty energie p\u0159i pou\u017e\u00edv\u00e1n\u00ed, pokud m\u00e1te po ruce jednu nebo dv\u011b plechovky butanu nav\u00edc a n\u011bkolik bateri\u00ed. Jejich pou\u017e\u00edv\u00e1n\u00ed je opravdu pohodln\u00e9, proto\u017ee si m\u016f\u017eete upravovat a tvarovat vlasy, ani\u017e byste byli zat\u00ed\u017eeni kabely.<\/p>\n<p>Olayer je <strong><em>bezdr\u00e1tov\u00e9 kulma na vlasy v\u00fdrobce v \u010c\u00edn\u011b<\/em><\/strong>, nab\u00eddka <a href=\"https:\/\/www.olayer.com\/cs\/keramicka-kulma-na-vlasy-se-studenym-vzduchem\/\"><strong>kulma na vlasy se studen\u00fdm vzduchem<\/strong><\/a>, bezdr\u00e1tov\u00e1 kulma na vlasy, \u017eehli\u010dka na vlasy se studen\u00fdm vzduchem, automatick\u00e1 kulma na vlasy se studen\u00fdm v\u011btrem, vysokorychlostn\u00ed f\u00e9n, epilace a dal\u0161\u00ed n\u00e1stroje pro \u00fapravu vlas\u016f, nab\u00eddka <a href=\"https:\/\/www.olayer.com\/cs\/soukroma-znacka-vyrobce-plochych-zehlicek\/\">velkoobchodn\u00ed \u017eehli\u010dky s priv\u00e1tn\u00ed zna\u010dkou<\/a> slu\u017eby, OEM, ODM smluvn\u00ed n\u00e1stroje na vlasy a dal\u0161\u00ed v\u00fdrobn\u00ed slu\u017eby elektrick\u00e9ho zbo\u017e\u00ed.<\/p>\n<p><em>Bezdr\u00e1tov\u00e9 nat\u00e1\u010dky na vlasy<\/em> vyrobeno spole\u010dnost\u00ed Olayer <em>velkoobchodn\u00ed dodavatel nat\u00e1\u010dek na vlasy<\/em> jsou ide\u00e1ln\u00ed na cestov\u00e1n\u00ed, proto\u017ee se dob\u0159e vejdou do zavazadla, nebo pokud maj\u00ed men\u0161\u00ed velikost, m\u016f\u017eete je snadno nacpat do kabelky a kdykoli b\u011bhem dne je rychle pou\u017e\u00edt. P\u0159edstavte si, \u017ee m\u00e1te tyto p\u0159\u00edstroje po ruce, kdy\u017e jste v kancel\u00e1\u0159i, m\u016f\u017eete snadno upravit sv\u00e9 kade\u0159e a pak se vr\u00e1tit do pr\u00e1ce a p\u0159itom se c\u00edtit skv\u011ble a vypadat dob\u0159e po cel\u00fd den.<\/p>\n<p>Tyto str\u00e1nky <strong>bezdr\u00e1tov\u00e1 kulma na vlasy<\/strong> jednotky vyroben\u00e9 spole\u010dnost\u00ed Olayer <em>velkoobchod s kulmami na vlasy<\/em> jsou opravdu dobr\u00e9 pro styling a tvarov\u00e1n\u00ed, proto\u017ee se opravdu rychle zah\u0159\u00edvaj\u00ed, p\u0159esto\u017ee jsou nap\u00e1jeny bateriemi nebo butanem. M\u016f\u017eete je tedy nen\u00e1padn\u011b pou\u017e\u00edvat a pak je ulo\u017eit do kabelky a nechat ostatn\u00ed, aby se divili, jak se v\u00e1m da\u0159\u00ed udr\u017eovat vlasy v tak skv\u011bl\u00e9m stavu po cel\u00fd den.<\/p>\n<p>Kdy\u017e pak nastane situace, \u017ee mus\u00edte po pr\u00e1ci vyrazit rovnou na d\u016fle\u017eitou sch\u016fzku nebo rande, jsou tyto \u0161aty opravdu skv\u011bl\u00e9, proto\u017ee v\u00e1m pomohou osv\u011b\u017eit v\u00e1\u0161 vzhled nebo ho dokonce \u00fapln\u011b zm\u011bnit. Zm\u011bnou \u00fa\u010desu m\u016f\u017eete str\u00e1vit p\u016fl hodiny p\u0159\u00edmo v soukrom\u00ed, nap\u0159\u00edklad na d\u00e1m\u00e1ch, a pak se objevit s nov\u00fdm a oslniv\u00fdm \u00fa\u010desem. Ti, kte\u0159\u00ed nemaj\u00ed o pou\u017e\u00edv\u00e1n\u00ed t\u011bchto \u017eehli\u010dek pon\u011bt\u00ed, by byli ohromeni rychlost\u00ed va\u0161\u00ed prom\u011bny a divili by se, jak by mohli dok\u00e1zat tot\u00e9\u017e.<\/p>\n<p>Pokud si je chcete po\u0159\u00eddit pro vlastn\u00ed pot\u0159ebu, je t\u0159eba zv\u00e1\u017eit n\u011bkolik faktor\u016f, kter\u00e9 v\u00e1m pomohou vybrat ty spr\u00e1vn\u00e9. Je d\u016fle\u017eit\u00e9 si uv\u011bdomit, zda cestovn\u00ed kulma, kterou chcete vybrat, je skute\u010dn\u011b lehk\u00e1, kompaktn\u00ed a funguje na baterie nebo butan. Pokud nejste ochotni naj\u00edt elektrickou z\u00e1suvku, pot\u0159ebujete p\u0159\u00edstroj, kter\u00fd m\u016f\u017ee dob\u0159e fungovat na butan nebo na baterie. Pokud se rozhodnete pro kabelovou verzi, po\u0159i\u010fte si p\u0159\u00edstroj s du\u00e1ln\u00edm nap\u011bt\u00edm, abyste jej mohli pou\u017e\u00edvat i p\u0159i n\u00e1v\u0161t\u011bv\u011b jin\u00e9 zem\u011b, kde jsou jin\u00e9 po\u017eadavky.  Zjist\u011bte si, jak dlouho trv\u00e1, ne\u017e se nastartuje. A ujist\u011bte se, \u017ee je dod\u00e1v\u00e1n s tepeln\u011b odoln\u00fdm obalem nebo \u00falo\u017en\u00fdm pouzdrem, abyste nemuseli ztr\u00e1cet \u010das \u010dek\u00e1n\u00edm, a\u017e po ka\u017ed\u00e9m pou\u017eit\u00ed vychladne, ne\u017e je budete moci ulo\u017eit.<\/p>\n<p>Pokud hled\u00e1te <em>velkoobchodn\u00ed bezdr\u00e1tov\u00e9 kulmy na vlasy z \u010c\u00edny<\/em> kulma na vlasy spole\u010dnost, z chcete soukromou zna\u010dku vlastn\u00ed logo kulma na vlasy zbo\u017e\u00ed, jste v\u00edt\u00e1ni kontaktovat Olayer kulma na vlasy v\u00fdrobce, nab\u00eddneme v\u00e1m nejlep\u0161\u00ed vysoce kvalitn\u00ed bezeslovn\u00e9 kulma na vlasy a dobrou cenu.<\/p>\n<p>Olayer je vlasy kulma velkoobchodn\u00ed spole\u010dnost v \u010c\u00edn\u011b, aby vlasy stylingov\u00e9 n\u00e1stroje a v\u00fdvoz do cel\u00e9ho sv\u011bta, kade\u0159nick\u00e9 n\u00e1stroje vyroben\u00e9 Olayer vlasy styler \u017eelezo spole\u010dnosti v v\u010detn\u011b <a href=\"https:\/\/www.olayer.com\/cs\/produkty\/6-in-1-hair-curling-iron-wholesale\/\"><strong>Kulma na vlasy 6 v 1<\/strong><\/a>, bezdr\u00e1tov\u00e1 \u017eehli\u010dka na vlasy, <a href=\"https:\/\/www.olayer.com\/cs\/7-in-1-multi-barrels-interchangeable-waver-hair-curler\/\"><strong>Kulma na vlasy 7 v 1<\/strong><\/a>, \u017eehli\u010dka na vlasy se studen\u00fdm vzduchem, lehk\u00fd vysokorychlostn\u00ed vysou\u0161e\u010d vlas\u016f, <strong>kulma na vlasy se studen\u00fdm vzduchem<\/strong>, <a href=\"https:\/\/www.olayer.com\/cs\/kartac-na-rovnani-vlasu-od-mokreho-po-suchy\/\">kart\u00e1\u010d na rovn\u00e1n\u00ed vlas\u016f od mokr\u00e9ho po such\u00fd<\/a>V\u0161echny \u017eehli\u010dky na vlasy od v\u00fdrobce n\u00e1stroj\u016f na \u00fapravu vlas\u016f Olayer, kter\u00e9 maj\u00ed keramickou desku a z\u00e1porn\u00e9 ionty, Olayer poskytuj\u00ed slu\u017eby z\u00e1kaznick\u00e9ho designu a v\u00fdvoje \u017eehli\u010dek na vlasy, \u017eehli\u010dky se soukromou zna\u010dkou jsou k dispozici pro v\u0161echny na\u0161e n\u00e1stroje na \u00fapravu vlas\u016f, OEM\/ODM smluvn\u00ed v\u00fdrobn\u00ed slu\u017eby pro va\u0161e vlastn\u00ed \u017eehli\u010dky na vlasy. kontaktujte Olayer a prodiskutujte sv\u016fj projekt.<\/p>","protected":false},"excerpt":{"rendered":"<p>Cordless Hair Curler from Olayer hair curler manufacturer can really  [&#8230;]<\/p>\n","protected":false},"author":1,"featured_media":3930,"comment_status":"closed","ping_status":"closed","sticky":false,"template":"","format":"standard","meta":{"footnotes":""},"categories":[666,990,394,550],"tags":[669,671,672,667,674,668,673,670],"class_list":["post-3877","post","type-post","status-publish","format-standard","has-post-thumbnail","hentry","category-cordless-hair-curler","category-curling-iron","category-electric-hair-curler","category-hair-curling-iron","tag-cordless-hair-curler","tag-cordless-hair-curler-company","tag-cordless-hair-curler-manufacturer","tag-cordless-hair-curling-iron","tag-cordless-hair-curling-iron-manufacturer","tag-hair-curling-iron-wholesale-company","tag-wholesale-cordless-hair-curler","tag-wholesale-private-label-flat-iron"],"_links":{"self":[{"href":"https:\/\/www.olayer.com\/cs\/wp-json\/wp\/v2\/posts\/3877","targetHints":{"allow":["GET"]}}],"collection":[{"href":"https:\/\/www.olayer.com\/cs\/wp-json\/wp\/v2\/posts"}],"about":[{"href":"https:\/\/www.olayer.com\/cs\/wp-json\/wp\/v2\/types\/post"}],"author":[{"embeddable":true,"href":"https:\/\/www.olayer.com\/cs\/wp-json\/wp\/v2\/users\/1"}],"replies":[{"embeddable":true,"href":"https:\/\/www.olayer.com\/cs\/wp-json\/wp\/v2\/comments?post=3877"}],"version-history":[{"count":0,"href":"https:\/\/www.olayer.com\/cs\/wp-json\/wp\/v2\/posts\/3877\/revisions"}],"wp:featuredmedia":[{"embeddable":true,"href":"https:\/\/www.olayer.com\/cs\/wp-json\/wp\/v2\/media\/3930"}],"wp:attachment":[{"href":"https:\/\/www.olayer.com\/cs\/wp-json\/wp\/v2\/media?parent=3877"}],"wp:term":[{"taxonomy":"category","embeddable":true,"href":"https:\/\/www.olayer.com\/cs\/wp-json\/wp\/v2\/categories?post=3877"},{"taxonomy":"post_tag","embeddable":true,"href":"https:\/\/www.olayer.com\/cs\/wp-json\/wp\/v2\/tags?post=3877"}],"curies":[{"name":"wp","href":"https:\/\/api.w.org\/{rel}","templated":true}]}}